{"id":191655,"date":"2025-09-22T10:26:39","date_gmt":"2025-09-22T08:26:39","guid":{"rendered":"https:\/\/www.idmo.it\/?p=191655"},"modified":"2026-03-24T11:56:40","modified_gmt":"2026-03-24T10:56:40","slug":"la-crisi-in-palestina-rimane-largomento-piu-colpito-dalla-disinformazione-ad-agosto","status":"publish","type":"post","link":"https:\/\/www.idmo.it\/en\/2025\/09\/22\/la-crisi-in-palestina-rimane-largomento-piu-colpito-dalla-disinformazione-ad-agosto\/","title":{"rendered":"La crisi in Palestina rimane l&#8217;argomento pi\u00f9 colpito dalla disinformazione ad agosto"},"content":{"rendered":"\n<p>I quattro progetti editoriali italiani che hanno pubblicato contenuti di verifica dei fatti, e che hanno contribuito a questo report*, hanno pubblicato, ad agosto 2025, un totale di 172 articoli di fact-checking. Di questi, 24 (14%) hanno avuto per oggetto casi di disinformazione riguardanti la crisi in Palestina, 16 (9,3%) il conflitto in Ucraina, 9 (5,2%) l\u2019Unione europea, 7 (4%) l\u2019immigrazione, 7 (4%) la pandemia, 5 (2,9%) le tematiche di genere o Lgbtq+ e 5 (2,9%) il cambiamento climatico. Le notizie false in Italia ad agosto si sono concentrate sulla crisi in Palestina, e come gi\u00e0 visto nel mese di luglio la narrazione preponderante si \u00e8 concentrata sulla negazione delle sofferenze dei civili palestinesi. In linea con gli andamenti europei registrati da EDMO ad agosto, sale poi di cinque punti percentuali la disinformazione sulla guerra in Ucraina, e similmente aumentano in modo significativo le notizie false che riguardano l\u2019Unione Europea.<\/p>\n\n\n\n<p>Cala sensibilmente la disinformazione sull\u2019immigrazione e subisce una leggera diminuzione anche il numero di storie false sulle tematiche di genere e LGBTQ+. Le percentuali di informazioni false per quanto riguarda gli altri temi sotto monitoraggio sono rimaste stabili o hanno mostrato solo lievi fluttuazioni.<\/p>\n\n\n\n<p><em>* Progetti che hanno contribuito a questo report: Bufale.net, Facta.news, Open, Pagella Politica<\/em><\/p>\n\n\n\n<figure class=\"wp-block-image size-full\"><img fetchpriority=\"high\" decoding=\"async\" width=\"2290\" height=\"1568\" src=\"https:\/\/www.idmo.it\/wp-content\/uploads\/2025\/09\/Screenshot-2025-09-22-alle-10.04.11.jpg\" alt=\"\" class=\"wp-image-191656\"\/><\/figure>\n\n\n\n<p><strong>AUMENTANO SENSIBILMENTE LA DISINFORMAZIONE SULLA GUERRA IN UCRAINA E SULL\u2019UNIONE EUROPEA<\/strong><\/p>\n\n\n\n<p>Le mosse della diplomazia statunitense, e in particolare il summit Usa-Russia in Alaska di agosto, hanno avuto grande risalto nei media, di conseguenza anche la disinformazione ha parlato molto della guerra in Ucraina. Sono circolate notizie false volte a sminuire e mettere in cattiva luce il Paese (che sarebbe un hub di traffico di bambini) e il suo presidente Volodymyr Zelensky. Nei giorni del suo arrivo negli Stati Uniti, \u00e8 girata anche la notizia secondo cui non ci sarebbe stato nessuno ad accoglierlo al suo atterraggio a Washington. Insieme a questa, la narrazione che lo dipinge come un leader corrotto \u00e8 stata rinverdita dalla diffusione di notizie false sul presunto acquisto di \u201cmezza Sardegna\u201d o sul trasferimento di 50 milioni di dollari al mese verso gli Emirati Arabi Uniti.<\/p>\n\n\n\n<p>In concomitanza con le trattative di pace sopracitate, si sono poi diffuse notizie false volte a ridicolizzare l\u2019Unione europea e l\u2019alleanza militare Nato, con una presunta affermazione del segretario generale della Nato Mark Rutte sul modo di combattere \u201csleale\u201d dei russi. A livello europeo, EDMO ha registrato che la notizia falsa pi\u00f9 virale di agosto \u00e8 stata l\u2019immagine generata con IA dei leader europei in attesa in un corridoio della Casa Bianca per un incontro con il presidente USA Donald Trump (vedi slide n. 8), circolata anche in Italia. Proprio da quello stesso incontro, secondo un\u2019altra notizia falsa, Trump avrebbe cacciato la presidente della Commissione europea Ursula von der Leyen. Al contempo \u00e8 stata spinta da notizie false anche la narrazione filo-russa che dipinge una leadership europea guerrafondaia e contraria alla pace, ad esempio con la storia falsa dei due ufficiali militari britannici catturati durante un raid russo in Ucraina<\/p>\n\n\n\n<p><strong>LA DISINFORMAZIONE GENERATA DALL\u2019INTELLIGENZA ARTIFICIALE RIMANE ALTA<\/strong><\/p>\n\n\n\n<p>La percentuale di storie false che sfruttano contenuti generati dall\u2019IA cala di cinque punti percentuali ad agosto rispetto al mese precedente, pur rimanendo su una percentuale abbastanza alta (19 articoli su 172 totali, cio\u00e8 l\u201911%). Questo valore \u00e8 in linea con la media europea registrata da Edmo nello stesso mese (intorno al 10%).<\/p>\n\n\n\n<figure class=\"wp-block-image size-full\"><img decoding=\"async\" width=\"1266\" height=\"742\" src=\"https:\/\/www.idmo.it\/wp-content\/uploads\/2025\/09\/2.jpg\" alt=\"\" class=\"wp-image-191658\"\/><\/figure>\n\n\n\n<p>Il contenuto generato con l\u2019IA che \u00e8 stato rilevato pi\u00f9 diffusamente in Europa, e che \u00e8 girato anche in Italia, \u00e8 l\u2019immagine dei leader europei in attesa in un corridoio della Casa Bianca (vedi slide n. 8). In relazione alla crisi a Gaza, si sono poi diffuse immagini false di proteste tenutesi in Giappone in sostegno alla causa palestinese; in altri casi, i chatbot IA sono stati utilizzati per fare presunte verifiche (inefficaci) di immagini vere provenienti dalla Palestina, il che ha contribuito al diffondersi della disinformazione.<\/p>\n\n\n\n<p><a href=\"https:\/\/www.idmo.it\/wp-content\/uploads\/2025\/09\/Orizzontale-2-1.pdf\" data-type=\"link\" data-id=\"https:\/\/www.idmo.it\/wp-content\/uploads\/2025\/09\/Orizzontale-2-1.pdf\">Clicca qui per il report completo<\/a><\/p>\n\n\n\n<p><\/p>\n","protected":false},"excerpt":{"rendered":"<p>I quattro progetti editoriali italiani che hanno pubblicato contenuti di verifica dei fatti, e che hanno contribuito a questo report*, hanno pubblicato, ad agosto 2025, un totale di 172 articoli di fact-checking. Di questi, 24 (14%) hanno avuto per oggetto casi di disinformazione riguardanti la crisi in Palestina, 16 (9,3%) il conflitto in Ucraina, 9 [&hellip;]<\/p>\n","protected":false},"author":132,"featured_media":191651,"comment_status":"open","ping_status":"open","sticky":false,"template":"","format":"standard","meta":{"_acf_changed":false,"footnotes":""},"categories":[4952],"tags":[],"class_list":["post-191655","post","type-post","status-publish","format-standard","has-post-thumbnail","hentry","category-report-mensili"],"acf":{"share_this_post_to_edmo_website":true,"type_of_post":"report","options_for_news_post":{"":""},"options_for_event_post":{"event_start_date":null,"event_end_date":null,"event_location":"","event_programme":""},"options_for_report_post":{"post_author":"IDMO","report_type":"event-report","report_pdf_link":""},"options_for_investigation_post":{"post_author":""},"affiliation":"IDMO"},"_links":{"self":[{"href":"https:\/\/www.idmo.it\/en\/wp-json\/wp\/v2\/posts\/191655","targetHints":{"allow":["GET"]}}],"collection":[{"href":"https:\/\/www.idmo.it\/en\/wp-json\/wp\/v2\/posts"}],"about":[{"href":"https:\/\/www.idmo.it\/en\/wp-json\/wp\/v2\/types\/post"}],"author":[{"embeddable":true,"href":"https:\/\/www.idmo.it\/en\/wp-json\/wp\/v2\/users\/132"}],"replies":[{"embeddable":true,"href":"https:\/\/www.idmo.it\/en\/wp-json\/wp\/v2\/comments?post=191655"}],"version-history":[{"count":4,"href":"https:\/\/www.idmo.it\/en\/wp-json\/wp\/v2\/posts\/191655\/revisions"}],"predecessor-version":[{"id":192526,"href":"https:\/\/www.idmo.it\/en\/wp-json\/wp\/v2\/posts\/191655\/revisions\/192526"}],"wp:featuredmedia":[{"embeddable":true,"href":"https:\/\/www.idmo.it\/en\/wp-json\/wp\/v2\/media\/191651"}],"wp:attachment":[{"href":"https:\/\/www.idmo.it\/en\/wp-json\/wp\/v2\/media?parent=191655"}],"wp:term":[{"taxonomy":"category","embeddable":true,"href":"https:\/\/www.idmo.it\/en\/wp-json\/wp\/v2\/categories?post=191655"},{"taxonomy":"post_tag","embeddable":true,"href":"https:\/\/www.idmo.it\/en\/wp-json\/wp\/v2\/tags?post=191655"}],"curies":[{"name":"wp","href":"https:\/\/api.w.org\/{rel}","templated":true}]}}