{"id":190988,"date":"2025-02-07T15:09:00","date_gmt":"2025-02-07T14:09:00","guid":{"rendered":"https:\/\/www.idmo.it\/?p=190988"},"modified":"2025-10-27T17:43:42","modified_gmt":"2025-10-27T16:43:42","slug":"il-fact-checking-definitivo-della-versione-del-governo-sul-caso-almasri","status":"publish","type":"post","link":"https:\/\/www.idmo.it\/en\/2025\/02\/07\/il-fact-checking-definitivo-della-versione-del-governo-sul-caso-almasri\/","title":{"rendered":"Il fact-checking definitivo della versione del governo sul caso Almasri"},"content":{"rendered":"\n<p>Mercoled\u00ec 5 febbraio si sono tenute le informative al Parlamento del ministro della Giustizia&nbsp;<a href=\"https:\/\/www.youtube.com\/watch?v=u3fLhSef5UE\">Carlo Nordio<\/a>&nbsp;e di quello dell\u2019Interno&nbsp;<a href=\"https:\/\/www.youtube.com\/watch?v=82FaFc49IrY\">Matteo Piantedosi<\/a>&nbsp;sul caso del comandante libico Almasri. Le informative si sarebbero dovute tenere il 29 gennaio. In seguito per\u00f2 alla notizia dell\u2019indagine a carico della presidente del Consiglio, Giorgia Meloni, di Nordio, di Piantedosi e del sottosegretario Alfredo Mantovano, il governo&nbsp;<a href=\"https:\/\/pagellapolitica.it\/articoli\/problemi-comunicazioni-governo-parlamento\">ha deciso di rimandarle<\/a>&nbsp;di una settimana.&nbsp;<\/p>\n\n\n\n<p>Almasri, lo ricordiamo, \u00e8 il capo della polizia giudiziaria libica e responsabile della prigione di Mitiga, a Tripoli. Su di lui pende un mandato di cattura della Corte penale internazionale (CPI) per crimini di guerra e contro l\u2019umanit\u00e0. Tra il 19 e il 21 gennaio Almasri \u00e8 stato prima fermato e poi scarcerato dalle autorit\u00e0 italiane, che dunque non hanno eseguito il mandato spiccato dalla CPI nei suoi confronti.<\/p>\n\n\n\n<p>Trovi <strong><a href=\"https:\/\/pagellapolitica.it\/articoli\/fact-checking-governo-caso-almasri\">QUI <\/a><\/strong>l&#8217;articolo completo di Pagella Politica <\/p>\n\n\n\n<p><\/p>\n","protected":false},"excerpt":{"rendered":"<p>Mercoled\u00ec 5 febbraio si sono tenute le informative al Parlamento del ministro della Giustizia&nbsp;Carlo Nordio&nbsp;e di quello dell\u2019Interno&nbsp;Matteo Piantedosi&nbsp;sul caso del comandante libico Almasri. Le informative si sarebbero dovute tenere il 29 gennaio. In seguito per\u00f2 alla notizia dell\u2019indagine a carico della presidente del Consiglio, Giorgia Meloni, di Nordio, di Piantedosi e del sottosegretario Alfredo [&hellip;]<\/p>\n","protected":false},"author":132,"featured_media":190989,"comment_status":"closed","ping_status":"closed","sticky":false,"template":"","format":"standard","meta":{"_acf_changed":false,"footnotes":""},"categories":[5024],"tags":[],"class_list":["post-190988","post","type-post","status-publish","format-standard","has-post-thumbnail","hentry","category-idmo-fact-checking-repository"],"acf":{"share_this_post_to_edmo_website":true,"type_of_post":"investigation","options_for_news_post":{"":""},"options_for_event_post":{"event_start_date":null,"event_end_date":null,"event_location":"","event_programme":""},"options_for_report_post":{"post_author":"","report_type":false,"report_pdf_link":""},"options_for_investigation_post":{"post_author":"Pagella Politica"},"affiliation":"IDMO"},"_links":{"self":[{"href":"https:\/\/www.idmo.it\/en\/wp-json\/wp\/v2\/posts\/190988","targetHints":{"allow":["GET"]}}],"collection":[{"href":"https:\/\/www.idmo.it\/en\/wp-json\/wp\/v2\/posts"}],"about":[{"href":"https:\/\/www.idmo.it\/en\/wp-json\/wp\/v2\/types\/post"}],"author":[{"embeddable":true,"href":"https:\/\/www.idmo.it\/en\/wp-json\/wp\/v2\/users\/132"}],"replies":[{"embeddable":true,"href":"https:\/\/www.idmo.it\/en\/wp-json\/wp\/v2\/comments?post=190988"}],"version-history":[{"count":2,"href":"https:\/\/www.idmo.it\/en\/wp-json\/wp\/v2\/posts\/190988\/revisions"}],"predecessor-version":[{"id":191955,"href":"https:\/\/www.idmo.it\/en\/wp-json\/wp\/v2\/posts\/190988\/revisions\/191955"}],"wp:featuredmedia":[{"embeddable":true,"href":"https:\/\/www.idmo.it\/en\/wp-json\/wp\/v2\/media\/190989"}],"wp:attachment":[{"href":"https:\/\/www.idmo.it\/en\/wp-json\/wp\/v2\/media?parent=190988"}],"wp:term":[{"taxonomy":"category","embeddable":true,"href":"https:\/\/www.idmo.it\/en\/wp-json\/wp\/v2\/categories?post=190988"},{"taxonomy":"post_tag","embeddable":true,"href":"https:\/\/www.idmo.it\/en\/wp-json\/wp\/v2\/tags?post=190988"}],"curies":[{"name":"wp","href":"https:\/\/api.w.org\/{rel}","templated":true}]}}