{"id":190941,"date":"2025-01-13T14:22:00","date_gmt":"2025-01-13T13:22:00","guid":{"rendered":"https:\/\/www.idmo.it\/?p=190941"},"modified":"2025-10-27T17:45:30","modified_gmt":"2025-10-27T16:45:30","slug":"non-e-vero-che-il-governo-ha-alzato-leta-della-pensione","status":"publish","type":"post","link":"https:\/\/www.idmo.it\/en\/2025\/01\/13\/non-e-vero-che-il-governo-ha-alzato-leta-della-pensione\/","title":{"rendered":"Non \u00e8 vero che il governo ha alzato l\u2019et\u00e0 della pensione"},"content":{"rendered":"\n<p>Da qualche giorno si sta discutendo di un presunto aumento dell\u2019et\u00e0 pensionabile, introdotto dal governo Meloni, che entrer\u00e0 in vigore a partire dal 2027.&nbsp;<\/p>\n\n\n\n<p>La questione \u00e8 stata sollevata il 9 gennaio dal CGIL, che in una nota&nbsp;<a href=\"https:\/\/www.cgil.it\/ufficio-stampa\/pensioni-cgil-linps-modifica-requisiti-pensionistici-conseguenze-gravissime-ri88l27m\">ha denunciato<\/a>&nbsp;\u00abla recente modifica unilaterale dei requisiti pensionistici operata dall\u2019INPS sui propri applicativi, senza alcuna comunicazione ufficiale da parte dei ministeri competenti e in totale assenza di trasparenza istituzionale\u00bb. Il sindacato ha notato che il simulatore dell\u2019INPS&nbsp;<a href=\"https:\/\/www.inps.it\/it\/it\/dettaglio-scheda.it.schede-servizio-strumento.schede-strumenti.la-mia-pensione-futura-simulazione-della-propria-pensione-50033.la-mia-pensione-futura-simulazione-della-propria-pensione.html\">\u201cLa mia pensione futura\u201d<\/a>&nbsp;\u2013 con cui si pu\u00f2 calcolare il valore della propria pensione \u2013 riportava condizioni pi\u00f9 restrittive per poter accedere alla pensione rispetto a quelle attualmente in vigore.<\/p>\n\n\n\n<p>trovi <strong><a href=\"https:\/\/pagellapolitica.it\/articoli\/eta-pensione-alzata-governo-inps\">QUI <\/a><\/strong>l&#8217;articolo completo di Pagella Politica<\/p>\n\n\n\n<p><\/p>\n","protected":false},"excerpt":{"rendered":"<p>Da qualche giorno si sta discutendo di un presunto aumento dell\u2019et\u00e0 pensionabile, introdotto dal governo Meloni, che entrer\u00e0 in vigore a partire dal 2027.&nbsp; La questione \u00e8 stata sollevata il 9 gennaio dal CGIL, che in una nota&nbsp;ha denunciato&nbsp;\u00abla recente modifica unilaterale dei requisiti pensionistici operata dall\u2019INPS sui propri applicativi, senza alcuna comunicazione ufficiale da [&hellip;]<\/p>\n","protected":false},"author":132,"featured_media":190942,"comment_status":"closed","ping_status":"closed","sticky":false,"template":"","format":"standard","meta":{"_acf_changed":false,"footnotes":""},"categories":[5024],"tags":[],"class_list":["post-190941","post","type-post","status-publish","format-standard","has-post-thumbnail","hentry","category-idmo-fact-checking-repository"],"acf":{"share_this_post_to_edmo_website":true,"type_of_post":"investigation","options_for_news_post":{"":""},"options_for_event_post":{"event_start_date":null,"event_end_date":null,"event_location":"","event_programme":""},"options_for_report_post":{"post_author":"","report_type":false,"report_pdf_link":""},"options_for_investigation_post":{"post_author":"Pagella Politica"},"affiliation":"IDMO"},"_links":{"self":[{"href":"https:\/\/www.idmo.it\/en\/wp-json\/wp\/v2\/posts\/190941","targetHints":{"allow":["GET"]}}],"collection":[{"href":"https:\/\/www.idmo.it\/en\/wp-json\/wp\/v2\/posts"}],"about":[{"href":"https:\/\/www.idmo.it\/en\/wp-json\/wp\/v2\/types\/post"}],"author":[{"embeddable":true,"href":"https:\/\/www.idmo.it\/en\/wp-json\/wp\/v2\/users\/132"}],"replies":[{"embeddable":true,"href":"https:\/\/www.idmo.it\/en\/wp-json\/wp\/v2\/comments?post=190941"}],"version-history":[{"count":2,"href":"https:\/\/www.idmo.it\/en\/wp-json\/wp\/v2\/posts\/190941\/revisions"}],"predecessor-version":[{"id":191959,"href":"https:\/\/www.idmo.it\/en\/wp-json\/wp\/v2\/posts\/190941\/revisions\/191959"}],"wp:featuredmedia":[{"embeddable":true,"href":"https:\/\/www.idmo.it\/en\/wp-json\/wp\/v2\/media\/190942"}],"wp:attachment":[{"href":"https:\/\/www.idmo.it\/en\/wp-json\/wp\/v2\/media?parent=190941"}],"wp:term":[{"taxonomy":"category","embeddable":true,"href":"https:\/\/www.idmo.it\/en\/wp-json\/wp\/v2\/categories?post=190941"},{"taxonomy":"post_tag","embeddable":true,"href":"https:\/\/www.idmo.it\/en\/wp-json\/wp\/v2\/tags?post=190941"}],"curies":[{"name":"wp","href":"https:\/\/api.w.org\/{rel}","templated":true}]}}