{"id":190591,"date":"2025-03-07T10:32:32","date_gmt":"2025-03-07T09:32:32","guid":{"rendered":"https:\/\/www.idmo.it\/?p=190591"},"modified":"2025-12-15T11:01:14","modified_gmt":"2025-12-15T10:01:14","slug":"mind-the-web-connettersi-pensare-agire","status":"publish","type":"post","link":"https:\/\/www.idmo.it\/en\/2025\/03\/07\/mind-the-web-connettersi-pensare-agire\/","title":{"rendered":"Mind The Web \u2013 Connettersi, pensare, agire"},"content":{"rendered":"\n<p>Aumentare la consapevolezza delle opportunit\u00e0&nbsp;e&nbsp;dei rischi del navigare attraverso i Media Digitali: questo l\u2019obiettivo del progetto di TIM per le&nbsp;<strong>Scuole Secondarie di Secondo Grado.<\/strong><\/p>\n\n\n\n<p>Attraverso quattro webinar abbiamo esplorato la&nbsp;complessit\u00e0&nbsp;delle nostre interazioni con i media digitali e l\u2019AI con l\u2019obiettivo di&nbsp;<strong>stimolare una riflessione e fornire strumenti<\/strong>&nbsp;per navigare sicuri e consapevoli.<br><br>Destinato a&nbsp;studenti e docenti, il progetto unisce in maniera innovativa aspetti umanistici e tecnici, grazie a:<\/p>\n\n\n\n<ul class=\"wp-block-list\">\n<li>L\u2019approfondimento su come i pregiudizi e i meccanismi mentali influenzano le nostre interazioni sociali e le percezioni della verit\u00e0, contribuendo cos\u00ec alla credibilit\u00e0 della disinformazione<\/li>\n\n\n\n<li>Ospiti rappresentanti del mondo accademico umanistico e della comunicazione scientifica (Vincenzo Crupi, Michele Marangi, Beatrice Mautino, Fabio Paglieri) e persone di TIM esperte dell\u2019innovazione digitale.<\/li>\n<\/ul>\n\n\n\n<p><br>Tutti i contenuti sono ora disponibili on demand qui di seguito.<\/p>\n\n\n\n<p><a href=\"https:\/\/www.youtube.com\/watch?v=3qQWbwDwxNg\" data-type=\"link\" data-id=\"https:\/\/www.youtube.com\/watch?v=3qQWbwDwxNg\"><strong>Mind The Web &#8211; 1\u00b0 Puntata &#8211;<\/strong> <strong>Dalla TV a TikTok: vivere nell\u2019ambiente digitale&nbsp;<\/strong>| Con&nbsp;<strong>Michele Marangi<\/strong><\/a><\/p>\n\n\n\n<figure class=\"wp-block-embed is-type-video is-provider-youtube wp-block-embed-youtube wp-embed-aspect-16-9 wp-has-aspect-ratio\"><div class=\"wp-block-embed__wrapper\">\n<iframe title=\"Mind the Web - 1\u00b0 Puntata - Dalla TV a TikTok: vivere nell\u2019ambiente digitale | Con Michele Marangi\" width=\"800\" height=\"450\" src=\"https:\/\/www.youtube.com\/embed\/3qQWbwDwxNg?feature=oembed\" frameborder=\"0\" allow=\"accelerometer; autoplay; clipboard-write; encrypted-media; gyroscope; picture-in-picture; web-share\" referrerpolicy=\"strict-origin-when-cross-origin\" allowfullscreen><\/iframe>\n<\/div><\/figure>\n\n\n\n<p><a href=\"https:\/\/www.idmo.it\/2025\/10\/23\/mind-the-web-dalla-tv-a-tiktok-vivere-nellambiente-digitale\/\" data-type=\"link\" data-id=\"https:\/\/www.idmo.it\/2025\/10\/23\/mind-the-web-dalla-tv-a-tiktok-vivere-nellambiente-digitale\/\">Clicca qui per guardare la foto gallery del primo appuntamento con Mind the Web<\/a><\/p>\n\n\n\n<p><strong><a href=\"https:\/\/youtu.be\/a3857NxRS2Y\">Mind the Web &#8211; 2\u00b0 Puntata &#8211; Disinformazione digitale e Intelligenza Artificiale Con Fabio Paglieri<\/a><\/strong><\/p>\n\n\n\n<figure class=\"wp-block-embed is-type-video is-provider-youtube wp-block-embed-youtube wp-embed-aspect-16-9 wp-has-aspect-ratio\"><div class=\"wp-block-embed__wrapper\">\n<iframe title=\"Mind the Web - 2\u00b0 Puntata - Disinformazione digitale e Intelligenza Artificiale Con Fabio Paglieri\" width=\"800\" height=\"450\" src=\"https:\/\/www.youtube.com\/embed\/a3857NxRS2Y?feature=oembed\" frameborder=\"0\" allow=\"accelerometer; autoplay; clipboard-write; encrypted-media; gyroscope; picture-in-picture; web-share\" referrerpolicy=\"strict-origin-when-cross-origin\" allowfullscreen><\/iframe>\n<\/div><\/figure>\n\n\n\n<p><strong><a href=\"https:\/\/www.youtube.com\/watch?v=naWvugAE3Co\" data-type=\"link\" data-id=\"https:\/\/www.youtube.com\/watch?v=naWvugAE3Co\">Mind the Web &#8211; 3\u00b0 Puntata &#8211; La dieta mediatica: nutrirsi di buona informazione&nbsp;| Con&nbsp;Beatrice Mautino<\/a><\/strong><\/p>\n\n\n\n<figure class=\"wp-block-embed is-type-video is-provider-youtube wp-block-embed-youtube wp-embed-aspect-16-9 wp-has-aspect-ratio\"><div class=\"wp-block-embed__wrapper\">\n<iframe title=\"Mind The Web -3\u00b0 Puntata - La dieta mediatica: nutrirsi di buona informazione | Con Beatrice Mautino\" width=\"800\" height=\"450\" src=\"https:\/\/www.youtube.com\/embed\/naWvugAE3Co?feature=oembed\" frameborder=\"0\" allow=\"accelerometer; autoplay; clipboard-write; encrypted-media; gyroscope; picture-in-picture; web-share\" referrerpolicy=\"strict-origin-when-cross-origin\" allowfullscreen><\/iframe>\n<\/div><\/figure>\n\n\n\n<p><strong><a href=\"https:\/\/youtu.be\/Mlb8RsNPGdI\" data-type=\"link\" data-id=\"https:\/\/www.youtube.com\/watch?v=naWvugAE3Co\">Mind the Web \u2013 4\u00b0 Puntata Il metodo scientifico, istruzioni per l\u2019uso (digitale) Con Vincenzo Crupi<\/a><\/strong><\/p>\n\n\n\n<figure class=\"wp-block-embed is-type-video is-provider-youtube wp-block-embed-youtube wp-embed-aspect-16-9 wp-has-aspect-ratio\"><div class=\"wp-block-embed__wrapper\">\n<iframe title=\"Mind the Web \u2013 4\u00b0 Puntata Il metodo scientifico, istruzioni per l\u2019uso (digitale) Con Vincenzo Crupi\" width=\"800\" height=\"450\" src=\"https:\/\/www.youtube.com\/embed\/Mlb8RsNPGdI?feature=oembed\" frameborder=\"0\" allow=\"accelerometer; autoplay; clipboard-write; encrypted-media; gyroscope; picture-in-picture; web-share\" referrerpolicy=\"strict-origin-when-cross-origin\" allowfullscreen><\/iframe>\n<\/div><\/figure>\n\n\n\n<h2 class=\"wp-block-heading\">Il calendario degli incontri<\/h2>\n\n\n\n<p><strong>22 ottobre 2025<\/strong><\/p>\n\n\n\n<p><strong>Dalla TV a TikTok: vivere nell\u2019ambiente digitale&nbsp;<\/strong>| Con&nbsp;<strong>Michele Marangi<\/strong><\/p>\n\n\n\n<p>Una breve storia degli ambienti digitali, da spettatori televisivi a utenti online. Marangi esplorer\u00e0 i social e gli altri media digitali non come strumenti, ma come veri e propri ambienti in cui viviamo, toccando fenomeni come brainrot, cyberbullismo, ritiro sociale, phubbing e internet challenge con una riflessione sulle cause del discontrollo: \u00e8 qualcosa che accade in questi ambienti, o anche a causa di questi ambienti?<br><\/p>\n\n\n\n<p><strong>5 novembre 2025<\/strong><\/p>\n\n\n\n<p><strong>Disinformazione digitale e Intelligenza Artificiale: da vittime a utenti critici&nbsp;<\/strong>| Con&nbsp;<strong>Fabio Paglieri<\/strong><\/p>\n\n\n\n<p>La disinformazione esiste dal giorno in cui la nostra specie ha imparato a comunicare, ma ultimamente ci preoccupa pi\u00f9 del solito. Paglieri spiegher\u00e0 in che modo la nuova ecologia dei media digitali ha cambiato il nostro rapporto con l\u2019informazione, ponendo attenzione alle nostre responsabilit\u00e0 come utenti: gli esiti di questi cambiamenti, infatti, dipendono da noi. Lo stesso vale per i recenti sviluppi dell&#8217;Intelligenza Artificiale generativa: da come scegliamo di usarla possono derivare miracoli oppure disastri, quindi \u00e8 bene farsi trovare preparati.<\/p>\n\n\n\n<p><strong>18 novembre 2025<\/strong><\/p>\n\n\n\n<p><strong>La dieta mediatica: nutrirsi di buona informazione&nbsp;<\/strong>| Con&nbsp;<strong>Beatrice Mautino<\/strong><\/p>\n\n\n\n<p>Come ci informiamo oggi? Tra camere dell\u2019eco e fonti inattendibili, Mautino propone un parallelismo utile e gustoso: costruire una dieta mediatica equilibrata. Con una buona base di frutta e verdura (buone fonti), possiamo anche permetterci un tiramis\u00f9 ogni tanto (il contenuto leggero). Un viaggio tra algoritmi, divulgazione scientifica e il nostro desiderio innato che le cose che crediamo siano vere, per imparare a orientarsi nell\u2019infodemia.<\/p>\n\n\n\n<p><strong>10 dicembre 2025&nbsp;<\/strong><\/p>\n\n\n\n<p><strong>Il metodo scientifico, istruzioni per l\u2019uso (digitale)&nbsp;<\/strong>\u2013 Con&nbsp;<strong>Vincenzo Crupi<\/strong><\/p>\n\n\n\n<p>Cosa pu\u00f2 insegnarci la scienza per comprendere la realt\u00e0, soprattutto online? Cercando di dare concretezza a ci\u00f2 che chiamiamo \u201cpensiero critico\u201d, Vincenzo Crupi traduce i fondamenti logici del metodo scientifico in strumenti pratici per orientarsi negli ambienti digitali: dalla capacit\u00e0 di distinguere una fonte dal processo che ha generato l\u2019informazione, a quella di formulare ipotesi alternative alla prima che ci viene in mente, fino all\u2019abilit\u00e0 di abitare l\u2019incertezza assegnando gradi di fiducia a fonti e contenuti.<\/p>\n\n\n\n<p><strong><a href=\"https:\/\/www.idmo.it\/wp-content\/uploads\/2025\/03\/Mind-the-Web-locandina-2.pdf\">Scarica<\/a> la locandina e iscrivi la tua classe o la tua scuola a questo&nbsp;<a href=\"https:\/\/eur01.safelinks.protection.outlook.com\/?url=https%3A%2F%2Fforms.office.com%2Fpages%2Fresponsepage.aspx%3Fid%3DaPQVaBwC8kimstZcjped-4xB0DMMeCdLvjKT_5zkjyNURUVXOTBKVkREQzQwMFVRRzJYNU05WTFGUy4u%26route%3Dshorturl&amp;data=05%7C02%7Csconticelli%40luiss.it%7Cd8c2029a73d14df93c6208de1234b716%7Cba9085d722554a2cb1cbdcb1dab5a842%7C0%7C0%7C638968214772142805%7CUnknown%7CTWFpbGZsb3d8eyJFbXB0eU1hcGkiOnRydWUsIlYiOiIwLjAuMDAwMCIsIlAiOiJXaW4zMiIsIkFOIjoiTWFpbCIsIldUIjoyfQ%3D%3D%7C0%7C%7C%7C&amp;sdata=y4nSKI%2F50YBHWrDUgVLA9iQa1mHVIRlrkWsefVO9d6I%3D&amp;reserved=0\" target=\"_blank\" rel=\"noreferrer noopener\">link<\/a>.<\/strong><\/p>\n\n\n\n<h3 class=\"wp-block-heading\">Due video podcast introduttivi hanno presentato&nbsp;i temi e gli esperti che sono stati coinvolti, a partire da&nbsp;ottobre&nbsp;2025, in quattro webinar interattivi.<br><\/h3>\n\n\n\n<figure class=\"wp-block-embed is-type-video is-provider-youtube wp-block-embed-youtube wp-embed-aspect-16-9 wp-has-aspect-ratio\"><div class=\"wp-block-embed__wrapper\">\n<iframe title=\"Mind The Web \u2013 Connettersi, pensare, agire\" width=\"800\" height=\"450\" src=\"https:\/\/www.youtube.com\/embed\/YZP0IsJ2fu8?feature=oembed\" frameborder=\"0\" allow=\"accelerometer; autoplay; clipboard-write; encrypted-media; gyroscope; picture-in-picture; web-share\" referrerpolicy=\"strict-origin-when-cross-origin\" allowfullscreen><\/iframe>\n<\/div><\/figure>\n\n\n\n<figure class=\"wp-block-embed is-type-video is-provider-youtube wp-block-embed-youtube wp-embed-aspect-16-9 wp-has-aspect-ratio\"><div class=\"wp-block-embed__wrapper\">\n<iframe title=\"Mind The Web -  Seconda Puntata\u2013 Connettersi, pensare, agire\" width=\"800\" height=\"450\" src=\"https:\/\/www.youtube.com\/embed\/6OrzXMsWYYU?feature=oembed\" frameborder=\"0\" allow=\"accelerometer; autoplay; clipboard-write; encrypted-media; gyroscope; picture-in-picture; web-share\" referrerpolicy=\"strict-origin-when-cross-origin\" allowfullscreen><\/iframe>\n<\/div><\/figure>\n\n\n\n<p><\/p>\n\n\n\n<p><\/p>\n","protected":false},"excerpt":{"rendered":"<p>Scopri il nuovo progetto di TIM per IDMO e le Scuole Secondarie di Secondo Grado<\/p>\n","protected":false},"author":132,"featured_media":190592,"comment_status":"closed","ping_status":"closed","sticky":true,"template":"","format":"standard","meta":{"_acf_changed":false,"footnotes":""},"categories":[4988],"tags":[],"class_list":["post-190591","post","type-post","status-publish","format-standard","has-post-thumbnail","hentry","category-ml-in-action"],"acf":{"share_this_post_to_edmo_website":false,"type_of_post":false,"options_for_news_post":{"":""},"options_for_event_post":{"event_start_date":null,"event_end_date":null,"event_location":"","event_programme":""},"options_for_report_post":{"post_author":"","report_type":false,"report_pdf_link":""},"options_for_investigation_post":{"post_author":""},"affiliation":"ADMO"},"_links":{"self":[{"href":"https:\/\/www.idmo.it\/en\/wp-json\/wp\/v2\/posts\/190591","targetHints":{"allow":["GET"]}}],"collection":[{"href":"https:\/\/www.idmo.it\/en\/wp-json\/wp\/v2\/posts"}],"about":[{"href":"https:\/\/www.idmo.it\/en\/wp-json\/wp\/v2\/types\/post"}],"author":[{"embeddable":true,"href":"https:\/\/www.idmo.it\/en\/wp-json\/wp\/v2\/users\/132"}],"replies":[{"embeddable":true,"href":"https:\/\/www.idmo.it\/en\/wp-json\/wp\/v2\/comments?post=190591"}],"version-history":[{"count":18,"href":"https:\/\/www.idmo.it\/en\/wp-json\/wp\/v2\/posts\/190591\/revisions"}],"predecessor-version":[{"id":192142,"href":"https:\/\/www.idmo.it\/en\/wp-json\/wp\/v2\/posts\/190591\/revisions\/192142"}],"wp:featuredmedia":[{"embeddable":true,"href":"https:\/\/www.idmo.it\/en\/wp-json\/wp\/v2\/media\/190592"}],"wp:attachment":[{"href":"https:\/\/www.idmo.it\/en\/wp-json\/wp\/v2\/media?parent=190591"}],"wp:term":[{"taxonomy":"category","embeddable":true,"href":"https:\/\/www.idmo.it\/en\/wp-json\/wp\/v2\/categories?post=190591"},{"taxonomy":"post_tag","embeddable":true,"href":"https:\/\/www.idmo.it\/en\/wp-json\/wp\/v2\/tags?post=190591"}],"curies":[{"name":"wp","href":"https:\/\/api.w.org\/{rel}","templated":true}]}}