{"id":189270,"date":"2024-09-23T10:34:31","date_gmt":"2024-09-23T08:34:31","guid":{"rendered":"https:\/\/www.idmo.it\/?p=187295"},"modified":"2024-09-23T10:34:31","modified_gmt":"2024-09-23T08:34:31","slug":"disinformazione-lgbtqia-2","status":"publish","type":"post","link":"https:\/\/www.idmo.it\/en\/2024\/09\/23\/disinformazione-lgbtqia-2\/","title":{"rendered":"La disinformazione di agosto 2024 promuove transfobia e attacchi alla comunit\u00e0 LGBTQIA+"},"content":{"rendered":"\n<p><strong>LA DISINFORMAZIONE SULLE TEMATICHE LGBTQIA+&nbsp;RAGGIUNGE UN NUOVO MASSIMO E TORNA A CRESCERE QUELLA SUL COVID-19<\/strong><\/p>\n\n\n\n<p>I quattro progetti editoriali italiani che hanno pubblicato contenuti di verifica dei fatti, e che hanno contribuito a questo report*, hanno pubblicato, ad agosto 2024, un totale di 206 articoli di fact-checking. Di questi, 15 (7,2%) hanno avuto per oggetto casi di disinformazione riguardanti la guerra in Ucraina, 3 (1,4%) la guerra tra Israele e Hamas, 21 (10,1%) la pandemia, 7 (3,3%) il cambiamento climatico, 12 (5,8%) l\u2019Unione europea, 10 (4,8%) l\u2019immigrazione e 25 (12,1%) tematiche di genere o Lgbtqia+.<\/p>\n\n\n\n<p>La disinformazione sulle tematiche <a href=\"https:\/\/www.idmo.it\/2023\/05\/30\/disinformation-against-lgbtq\/\" target=\"_blank\" aria-label=\"undefined (apri in una nuova scheda)\" rel=\"noreferrer noopener\">Lgbtqia<\/a>+ \u00e8 aumentata ancora ad agosto, risultando come l\u2019argomento pi\u00f9 bersagliato da storie false del mese tra quelli costantemente monitorati. Il relativo valore \u00e8 il pi\u00f9 alto da quando \u00e8 iniziato il monitoraggio sul tema, ancora maggiore del picco fatto registrare a luglio. In crescita netta anche le storie false a tema COVID-19, principalmente per via di teorie complottiste che mettono in relazione i vaccini con la trasmissione del virus Mpox, prima noto come vaiolo delle scimmie. Anche la disinformazione sulla guerra in Ucraina \u00e8 aumentata, ma in maniera pi\u00f9 lieve.<\/p>\n\n\n\n<p>A calare sono state invece le notizie false sul clima, sull\u2019Unione europea e quelle sulle questioni legate all\u2019immigrazione, mentre le percentuali degli altri argomenti sotto monitoraggio sono rimaste stabili.<\/p>\n\n\n\n<div class=\"wp-block-image\"><figure class=\"aligncenter size-large\"><img fetchpriority=\"high\" decoding=\"async\" width=\"1024\" height=\"716\" src=\"https:\/\/www.idmo.it\/wp-content\/uploads\/2024\/09\/Schermata-2024-09-23-alle-10.13.56-1024x716.png\" alt=\"\" class=\"wp-image-187296\" srcset=\"https:\/\/www.idmo.it\/wp-content\/uploads\/2024\/09\/Schermata-2024-09-23-alle-10.13.56-1024x716.png 1024w, https:\/\/www.idmo.it\/wp-content\/uploads\/2024\/09\/Schermata-2024-09-23-alle-10.13.56-300x210.png 300w, https:\/\/www.idmo.it\/wp-content\/uploads\/2024\/09\/Schermata-2024-09-23-alle-10.13.56-768x537.png 768w, https:\/\/www.idmo.it\/wp-content\/uploads\/2024\/09\/Schermata-2024-09-23-alle-10.13.56-1536x1074.png 1536w, https:\/\/www.idmo.it\/wp-content\/uploads\/2024\/09\/Schermata-2024-09-23-alle-10.13.56-24x17.png 24w, https:\/\/www.idmo.it\/wp-content\/uploads\/2024\/09\/Schermata-2024-09-23-alle-10.13.56-36x25.png 36w, https:\/\/www.idmo.it\/wp-content\/uploads\/2024\/09\/Schermata-2024-09-23-alle-10.13.56-48x34.png 48w, https:\/\/www.idmo.it\/wp-content\/uploads\/2024\/09\/Schermata-2024-09-23-alle-10.13.56.png 1920w\" sizes=\"(max-width: 1024px) 100vw, 1024px\" \/><\/figure><\/div>\n\n\n\n<p><strong>I CONTENUTI FALSI PROMUOVONO TRANSFOBIA, SFRUTTANDO LE OLIMPIADI<\/strong><\/p>\n\n\n\n<p>&#8211; Le narrazioni false sulla presunta partecipazione&nbsp;di atlete transgender&nbsp;ai Giochi Olimpici,&nbsp;gi\u00e0 segnalate a luglio, si sono ulteriormente intensificate, mentre hanno continuato a circolare storie false&nbsp;su presunti deliri progressisti o satanismo&nbsp;alle Olimpiadi. In particolare, l\u2019incontro tra la pugile algerina Imane Khelif e l\u2019italiana Angela Carini ha scatenato un\u2019ondata di affermazioni e contenuti falsi. A partire dai giorni antecedenti la sfida,&nbsp;diverse storie&nbsp;false hanno suggerito che Khelif fosse un\u2019atleta transgender o&nbsp;un uomo&nbsp;in competizione nelle&nbsp;categorie&nbsp;femminili. Il fatto che Carini si sia ritirata dopo nemmeno un minuto dall\u2019inizio, poi, ha amplificato la circolazione di queste falsit\u00e0, rilanciate anche da&nbsp;alcuni quotidiani e personalit\u00e0 politiche. Questa attenzione mediatica \u00e8 stata sfruttata dalla disinformazione, che ha continuato ad&nbsp;alimentare la polemica, arrivando a sostenere che la finale di boxe femminile&nbsp;sia stata combattuta da due uomini.<\/p>\n\n\n\n<p>&#8211; Le storie false sulla provenienza del ragazzo che a Southport, nel Regno Unito, ha accoltellato e ucciso tre bambine hanno raggiunto anche l\u2019Italia, sostenendo l\u2019aggressore fosse un richiedente&nbsp;asilo. Anche&nbsp;i disordini che ne sono seguiti&nbsp;sono stati oggetto di alcune informazioni false, che hanno sostenuto che la giustizia inglese favorisca i migranti&nbsp;rispetto a&nbsp;chi diffonde contenuti critici&nbsp;sul tema&nbsp;dell\u2019immigrazione. La disinformazione sugli altri temi oggetto di monitoraggio non ha mostrato novit\u00e0 rilevanti rispetto alle narrazioni gi\u00e0 segnalate nei mesi passati.<\/p>\n\n\n\n<div class=\"wp-block-image\"><figure class=\"aligncenter size-large\"><img decoding=\"async\" width=\"1024\" height=\"746\" src=\"https:\/\/www.idmo.it\/wp-content\/uploads\/2024\/09\/Schermata-2024-09-23-alle-10.15.10-1024x746.png\" alt=\"\" class=\"wp-image-187298\" srcset=\"https:\/\/www.idmo.it\/wp-content\/uploads\/2024\/09\/Schermata-2024-09-23-alle-10.15.10-1024x746.png 1024w, https:\/\/www.idmo.it\/wp-content\/uploads\/2024\/09\/Schermata-2024-09-23-alle-10.15.10-300x219.png 300w, https:\/\/www.idmo.it\/wp-content\/uploads\/2024\/09\/Schermata-2024-09-23-alle-10.15.10-768x560.png 768w, https:\/\/www.idmo.it\/wp-content\/uploads\/2024\/09\/Schermata-2024-09-23-alle-10.15.10-1536x1119.png 1536w, https:\/\/www.idmo.it\/wp-content\/uploads\/2024\/09\/Schermata-2024-09-23-alle-10.15.10-24x17.png 24w, https:\/\/www.idmo.it\/wp-content\/uploads\/2024\/09\/Schermata-2024-09-23-alle-10.15.10-36x26.png 36w, https:\/\/www.idmo.it\/wp-content\/uploads\/2024\/09\/Schermata-2024-09-23-alle-10.15.10-48x35.png 48w, https:\/\/www.idmo.it\/wp-content\/uploads\/2024\/09\/Schermata-2024-09-23-alle-10.15.10.png 1784w\" sizes=\"(max-width: 1024px) 100vw, 1024px\" \/><\/figure><\/div>\n\n\n\n<p><strong>GLI ARTICOLI PI\u00d9 LETTI AD AGOSTO, SECONDO I DATI RACCOLTI DAI PROGETTI CHE HANNO CONTRIBUITO A QUESTO REPORT, HANNO RIGUARDATO OLIMPIADI E TEMATICHE LGBTQIA+<\/strong><\/p>\n\n\n\n<p><a href=\"https:\/\/facta.news\/articoli\/2024\/07\/31\/imane-khelif-atleta-transgender\/\" target=\"_blank\" aria-label=\"undefined (apri in una nuova scheda)\" rel=\"noreferrer noopener\">Imane Khelif non \u00e8 un\u2019atleta transgender<\/a><\/p>\n\n\n\n<p><a href=\"https:\/\/www.open.online\/2024\/08\/04\/olimpiadi-2024-parigi-verbale-iba-squalifica-imane-khelif-non-conferma-trans-fc\/\" target=\"_blank\" aria-label=\"undefined (apri in una nuova scheda)\" rel=\"noreferrer noopener\">Cosa c\u2019\u00e8 di strano nel verbale dell\u2019IBA sulla squalifica di Imane Khelif e perch\u00e9 non conferma che sia \u201ctrans\u201d<\/a><\/p>\n\n\n\n<p><a href=\"https:\/\/facta.news\/notizia-falsa\/2024\/08\/06\/boxe-olimpiadi-finale\/\" target=\"_blank\" aria-label=\"undefined (apri in una nuova scheda)\" rel=\"noreferrer noopener\">No, la \u00abfinale di boxe femminile\u00bb alle Olimpiadi non sar\u00e0 disputata \u00abda due uomini\u00bb<\/a><\/p>\n\n\n\n<p><a href=\"https:\/\/www.open.online\/2024\/08\/05\/olimpiadi-2024-parigi-yusuf-dikec-meccanico-litigio-moglie-fc\/\" target=\"_blank\" aria-label=\"undefined (apri in una nuova scheda)\" rel=\"noreferrer noopener\">La falsa storia del tiratore turco Yusuf Dikec che avrebbe iniziato a sparare&nbsp;dopo un litigio con la moglie<\/a><\/p>\n\n\n\n<p><a href=\"https:\/\/www.bufale.net\/il-cartone-animato-di-topolino-pervertito-che-buca-il-formaggio-non-esiste\/\" target=\"_blank\" aria-label=\"undefined (apri in una nuova scheda)\" rel=\"noreferrer noopener\">Il cartone animato di Topolino pervertito che buca il formaggio non esiste<\/a><\/p>\n\n\n\n<p>* Progetti che hanno contribuito a questo report: Bufale.net, Facta.news, Open, Pagella Politica<\/p>\n\n\n\n<h2 class=\"wp-block-heading\"><strong>Leggi <a aria-label=\"undefined (apri in una nuova scheda)\" href=\"https:\/\/www.idmo.it\/wp-content\/uploads\/2024\/09\/Orizzontale.pdf\" target=\"_blank\" rel=\"noreferrer noopener\">QUI<\/a> il report completo<\/strong><\/h2>\n","protected":false},"excerpt":{"rendered":"<p>Trentaquattresimo report mensile sulla disinformazione in Italia a cura di IDMO<\/p>\n","protected":false},"author":132,"featured_media":187300,"comment_status":"closed","ping_status":"closed","sticky":false,"template":"","format":"standard","meta":{"_acf_changed":false,"footnotes":""},"categories":[4952],"tags":[],"class_list":["post-189270","post","type-post","status-publish","format-standard","has-post-thumbnail","hentry","category-report-mensili"],"acf":{"share_this_post_to_edmo_website":false,"type_of_post":false,"options_for_news_post":{"":""},"options_for_event_post":{"event_start_date":null,"event_end_date":null,"event_location":"","event_programme":""},"options_for_report_post":{"post_author":"","report_type":false,"report_pdf_link":""},"options_for_investigation_post":{"post_author":""},"affiliation":false},"_links":{"self":[{"href":"https:\/\/www.idmo.it\/en\/wp-json\/wp\/v2\/posts\/189270","targetHints":{"allow":["GET"]}}],"collection":[{"href":"https:\/\/www.idmo.it\/en\/wp-json\/wp\/v2\/posts"}],"about":[{"href":"https:\/\/www.idmo.it\/en\/wp-json\/wp\/v2\/types\/post"}],"author":[{"embeddable":true,"href":"https:\/\/www.idmo.it\/en\/wp-json\/wp\/v2\/users\/132"}],"replies":[{"embeddable":true,"href":"https:\/\/www.idmo.it\/en\/wp-json\/wp\/v2\/comments?post=189270"}],"version-history":[{"count":0,"href":"https:\/\/www.idmo.it\/en\/wp-json\/wp\/v2\/posts\/189270\/revisions"}],"wp:featuredmedia":[{"embeddable":true,"href":"https:\/\/www.idmo.it\/en\/wp-json\/wp\/v2\/media\/187300"}],"wp:attachment":[{"href":"https:\/\/www.idmo.it\/en\/wp-json\/wp\/v2\/media?parent=189270"}],"wp:term":[{"taxonomy":"category","embeddable":true,"href":"https:\/\/www.idmo.it\/en\/wp-json\/wp\/v2\/categories?post=189270"},{"taxonomy":"post_tag","embeddable":true,"href":"https:\/\/www.idmo.it\/en\/wp-json\/wp\/v2\/tags?post=189270"}],"curies":[{"name":"wp","href":"https:\/\/api.w.org\/{rel}","templated":true}]}}