{"id":187612,"date":"2024-12-04T15:39:42","date_gmt":"2024-12-04T14:39:42","guid":{"rendered":"https:\/\/www.idmo.it\/?p=187612"},"modified":"2025-01-30T19:28:49","modified_gmt":"2025-01-30T18:28:49","slug":"malore-di-bove-i-no-vax-alimentano-la-disinformazione-online","status":"publish","type":"post","link":"https:\/\/www.idmo.it\/en\/2024\/12\/04\/malore-di-bove-i-no-vax-alimentano-la-disinformazione-online\/","title":{"rendered":"Disinformazione sul caso Bove. Ricciardi: \u201cQuando una persona muore i no-vax incolpano i vaccini\u201d"},"content":{"rendered":"\n<p>\u00abIl vaccino Covid \u00e8 stato il pi\u00f9 grande crimine contro l\u2019umanit\u00e0 #Bove\u00bb, \u00abEdoardo Bove. Un\u2019altra vittima dei vaccini genocidi\u00bb, \u00abQuesta \u00e8 la nuova normalit\u00e0 nell\u2019era post vaccinale\u00bb\u00a0sono alcuni dei tweet comparsi su X,\u00a0social network di propriet\u00e0 di <a aria-label=\"undefined (apri in una nuova scheda)\" href=\"https:\/\/www.idmo.it\/2024\/11\/19\/elon-musk-disinformazione-elezioni-americane\/\" target=\"_blank\" rel=\"noreferrer noopener\">Elon Musk<\/a>, subito dopo il malore del calciatore ventiduenne della Fiorentina,\u00a0Edoardo Bove. La partita \u00e8 stata interrotta e rinviata a data da destinarsi. Le immagini di lui accasciato sul campo accerchiato da giocatori, tecnici e medici sono state postate sul web. Tra i messaggi di affetto sono comparse molte teorie cospirative\u00a0legate al Covid-19\u00a0e alla vaccinazione.\u00a0Secondo la ricostruzione dell\u2019ANSA,\u00a0il giocatore si era sentito male poco dopo il primo quarto d\u2019ora della partita contro l\u2019Inter, il giovane aveva gi\u00e0 avvisato i suoi responsabili di non essere in forma. Pochi passi e le gambe non hanno pi\u00f9 retto. La narrazione nata dalla vicenda \u00e8 legata alla presunta correlazione tra il vaccino e un peggioramento delle condizioni fisiche. Miocardite, emorragia cerebrale e scienziati \u00abvenduti a BigPharma che continuano a negare l\u2019evidenza\u00bb. Post da pi\u00f9 di 65.000 visualizzazioni che hanno contribuito alla diffusione delle ideologie no-vax.\u00a0<\/p>\n\n\n\n<p>Lo studio si basa sull\u2019analisi di&nbsp;sedici&nbsp;profili&nbsp;X, non solo italiani ma anche spagnoli e olandesi che, a ridosso del malore di Bove, hanno diffuso post disinformativi.&nbsp;Gli account che hanno contribuito alla diffusione di questa narrazione errata condividono anche&nbsp;post sull\u2019aumento di malori improvvisi, soprattutto tra i giovani, dopo la campagna vaccinale anti-Covid,&nbsp;teorie cospirative, accuse politiche e scandali&nbsp;riguardanti personaggi pubblici e critiche all\u2019Ue e alla Nato, sostegno a Russia e Brics, conflitto in Siria e Ucraina.&nbsp;<\/p>\n\n\n\n<p>I commenti&nbsp;pi\u00f9 ricorrenti&nbsp;su X sono: \u00abSu Bove qualche \u201cgiornalista&#8221; sta gi\u00e0 provando a intorbidire le acque e a ripetere la stessa bufala che fu detta per il giocatore Ndicka. Bove in realt\u00e0 sembra aver avuto un infarto e se due compagni di squadra non gli avessero tirato fuori la lingua a questa forse non ce l&#8217;avrebbe fatta\u00bb o ancora \u00abNon c&#8217;\u00e8 mai stato un numero cos\u00ec alto di malori improvvisi e purtroppo di morti nel mondo del calcio. I medici sportivi che sanno quello che sta succedendo e le federazioni che non dicono nulla sono i primi responsabili di questa strage\u00bb.<\/p>\n\n\n\n<p>L\u2019analisi condotta dal Luiss Data Lab ha evidenziato che gli account analizzati hanno collegato il malore a un possibile effetto collaterale dei vaccini. In alcuni casi, \u00e8 stato riutilizzato e condiviso l&#8217;hashtag&nbsp;<strong>#nessunacorrelazione<\/strong>, che, gi\u00e0 dall\u2019inizio della pandemia, raccoglie notizie e post di persone colpite da malesseri vari, attribuendone le cause al vaccino.<\/p>\n\n\n\n<p>L\u2019attivit\u00e0 legata a questo hashtag si concentra soprattutto sulla condivisione di post relativi a&nbsp;<strong>malori improvvisi,<\/strong>&nbsp;con una particolare attenzione rivolta al mondo dello sport, come nel caso del calciatore Bove.<\/p>\n\n\n\n<p>Tra i principali account analizzati e che polarizzano il dibattito online, figurano noti influencer che gi\u00e0 detengono il primato europeo come principali diffusori di disinformazione. Questi account, tra i pi\u00f9 attivi nel rilanciare contenuti legati all\u2019hashtag&nbsp;<strong>#nessunacorrelazione<\/strong>, hanno propagato teorie no-vax gi\u00e0 dal 2020, mettendo in dubbio la sicurezza dei vaccini anti-Covid e collegandoli a presunti &#8220;malori improvvisi&#8221; e decessi.<\/p>\n\n\n\n<p>Casi del genere si erano gi\u00e0 verificati con altri sportivi come il tennista turco Altug Celikbilek&nbsp;che, solo pochi giorni fa,&nbsp;ha avuto un\u2019emorragia cerebrale&nbsp;nel&nbsp;match&nbsp;con il connazionale Yanki Erel durante&nbsp;il torneo Itf di Monastir, in Tunisia.&nbsp;Mentre veniva sottoposto ad un intervento chirurgico che gli ha salvato la vita, su X un utente spagnolo&nbsp;scriveva:&nbsp;\u00abSeconda improvvisazione sportiva&nbsp;della giornata con Edoardo Bove.&nbsp;Sicuramente i vaccini non c&#8217;entrano nulla\u00bb.&nbsp;<\/p>\n\n\n\n<p>\u00abSuccede sistematicamente con qualsiasi evento simile\u00bb, spiega<strong> Walter Ricciardi<\/strong>, professore ordinario di igiene e medicina preventiva dell\u2019Universit\u00e0 Cattolica, <strong>\u00abquando una persona muore i no-vax incolpano i vaccini\u00bb<\/strong>. Ricciardi \u00e8 stato consigliere del ministro della Salute Roberto Speranza dal 2020 al 2022, nel pieno della pandemia da Covid-19, quando le campagne di <a aria-label=\"undefined (apri in una nuova scheda)\" href=\"https:\/\/zetaluiss.it\/2024\/05\/30\/disinformazione-tusk-von-der-leyen\/\" target=\"_blank\" rel=\"noreferrer noopener\">disinformazione<\/a> su questioni mediche hanno raggiunto l\u2019apice di visibilit\u00e0: \u00abI no-vax sono una categoria eterogenea, caratterizzata da un\u2019aggressivit\u00e0 comunicativa, una violenza verbale per impaurire le persone. E poi c\u2019\u00e8 anche un lato di analfabetismo funzionale e sfiducia nella scienza\u00bb, prosegue lo specialista, \u00abma gli studi hanno escluso qualsiasi correlazione dei vaccini con effetti collaterali tali da inibire la distribuzione, perch\u00e9 i benefici sono da sempre superiori ai rischi\u00bb.&nbsp;<\/p>\n\n\n\n<p>Secondo Ricciardi, \u00ab\u00e8 importante che i media smentiscano queste notizie false ascoltando il parere degli esperti. Le istituzioni dovrebbero migliorare la comunicazione sui vaccini, essere dirette e comprensibili per contrastare inutili allarmismi,&nbsp;a maggior ragione&nbsp;oggi che i pi\u00f9 giovani si informano soprattutto sui social\u00bb.<\/p>\n\n\n\n<p>Intervista a cura di: @michelangelogennaro<br>Analisi Luiss Data Lab<\/p>\n","protected":false},"excerpt":{"rendered":"<p>Secondo i cospirazionisti su X il malore del calciatore della Fiorentina in campo sarebbe stato causato dal vaccino contro il Covid-19<\/p>\n","protected":false},"author":132,"featured_media":189343,"comment_status":"closed","ping_status":"closed","sticky":false,"template":"","format":"standard","meta":{"_acf_changed":false,"footnotes":""},"categories":[2616],"tags":[],"class_list":["post-187612","post","type-post","status-publish","format-standard","has-post-thumbnail","hentry","category-approfondimenti"],"acf":{"share_this_post_to_edmo_website":false,"type_of_post":false,"options_for_news_post":{"":""},"options_for_event_post":{"event_start_date":null,"event_end_date":null,"event_location":"","event_programme":""},"options_for_report_post":{"post_author":"","report_type":false,"report_pdf_link":""},"options_for_investigation_post":{"post_author":""},"affiliation":false},"_links":{"self":[{"href":"https:\/\/www.idmo.it\/en\/wp-json\/wp\/v2\/posts\/187612","targetHints":{"allow":["GET"]}}],"collection":[{"href":"https:\/\/www.idmo.it\/en\/wp-json\/wp\/v2\/posts"}],"about":[{"href":"https:\/\/www.idmo.it\/en\/wp-json\/wp\/v2\/types\/post"}],"author":[{"embeddable":true,"href":"https:\/\/www.idmo.it\/en\/wp-json\/wp\/v2\/users\/132"}],"replies":[{"embeddable":true,"href":"https:\/\/www.idmo.it\/en\/wp-json\/wp\/v2\/comments?post=187612"}],"version-history":[{"count":1,"href":"https:\/\/www.idmo.it\/en\/wp-json\/wp\/v2\/posts\/187612\/revisions"}],"predecessor-version":[{"id":189345,"href":"https:\/\/www.idmo.it\/en\/wp-json\/wp\/v2\/posts\/187612\/revisions\/189345"}],"wp:featuredmedia":[{"embeddable":true,"href":"https:\/\/www.idmo.it\/en\/wp-json\/wp\/v2\/media\/189343"}],"wp:attachment":[{"href":"https:\/\/www.idmo.it\/en\/wp-json\/wp\/v2\/media?parent=187612"}],"wp:term":[{"taxonomy":"category","embeddable":true,"href":"https:\/\/www.idmo.it\/en\/wp-json\/wp\/v2\/categories?post=187612"},{"taxonomy":"post_tag","embeddable":true,"href":"https:\/\/www.idmo.it\/en\/wp-json\/wp\/v2\/tags?post=187612"}],"curies":[{"name":"wp","href":"https:\/\/api.w.org\/{rel}","templated":true}]}}