{"id":186579,"date":"2024-02-22T09:46:31","date_gmt":"2024-02-22T08:46:31","guid":{"rendered":"https:\/\/www.idmo.it\/?p=186579"},"modified":"2024-03-12T09:39:05","modified_gmt":"2024-03-12T08:39:05","slug":"disinformazione-trattori","status":"publish","type":"post","link":"https:\/\/www.idmo.it\/en\/2024\/02\/22\/disinformazione-trattori\/","title":{"rendered":"Clima, trattori e complotti svettano nella disinformazione di gennaio"},"content":{"rendered":"\n<p><strong>LA DISINFORMAZIONE SUL CONFLITTO TRA ISRAELE E HAMAS DIMINUISCE, COME QUELLA SU UCRAINA E COVID, MENTRE AUMENTANO LE STORIE FALSE SUL CLIMA<\/strong><\/p>\n\n\n\n<p>I cinque progetti editoriali italiani che hanno pubblicato contenuti di verifica dei fatti, e che hanno contribuito a questo report*, hanno pubblicato, a gennaio 2024, un totale di 222 articoli di fact-checking. Di questi, 25 (11,2%) hanno avuto per oggetto casi di disinformazione riguardanti la guerra tra Israele e Hamas, 12 (5,4%) la guerra in Ucraina, 15 (6,7%) la pandemia, 28 (12,6%) il cambiamento climatico, 11 (5%) l\u2019Unione europea, 7 (3,2%) l\u2019immigrazione e 1 (0,5%) tematiche di genere o Lgbtq+.<\/p>\n\n\n\n<p>La percentuale di disinformazione relativa alla crisi in Medio Oriente non \u00e8 pi\u00f9 quella pi\u00f9 alta rilevata. Dopo i valori alti di ottobre e novembre il tema \u00e8 andato perdendo di rilevanza: quello di gennaio \u00e8 un nuovo minimo, anche se il valore resta superiore alla media europea rilevata da Edmo (intorno al 5%). Dopo l\u2019impennata<br>di dicembre, calano di diversi punti anche le percentuali della disinformazione a tema pandemia e guerra in Ucraina.<\/p>\n\n\n\n<p>Ad aumentare invece sono le storie false rilevate sul cambiamento climatico, mentre gli altri temi costantemente monitorati hanno subito solo leggere oscillazioni, restando nel complesso stabili.<\/p>\n\n\n\n<div class=\"wp-block-image\"><figure class=\"aligncenter size-large\"><img fetchpriority=\"high\" decoding=\"async\" width=\"1024\" height=\"673\" src=\"https:\/\/www.idmo.it\/wp-content\/uploads\/2024\/02\/Schermata-2024-02-22-alle-09.37.55-1024x673.png\" alt=\"\" class=\"wp-image-186580\" srcset=\"https:\/\/www.idmo.it\/wp-content\/uploads\/2024\/02\/Schermata-2024-02-22-alle-09.37.55-1024x673.png 1024w, https:\/\/www.idmo.it\/wp-content\/uploads\/2024\/02\/Schermata-2024-02-22-alle-09.37.55-300x197.png 300w, https:\/\/www.idmo.it\/wp-content\/uploads\/2024\/02\/Schermata-2024-02-22-alle-09.37.55-768x505.png 768w, https:\/\/www.idmo.it\/wp-content\/uploads\/2024\/02\/Schermata-2024-02-22-alle-09.37.55-1536x1009.png 1536w, https:\/\/www.idmo.it\/wp-content\/uploads\/2024\/02\/Schermata-2024-02-22-alle-09.37.55-24x16.png 24w, https:\/\/www.idmo.it\/wp-content\/uploads\/2024\/02\/Schermata-2024-02-22-alle-09.37.55-36x24.png 36w, https:\/\/www.idmo.it\/wp-content\/uploads\/2024\/02\/Schermata-2024-02-22-alle-09.37.55-48x32.png 48w, https:\/\/www.idmo.it\/wp-content\/uploads\/2024\/02\/Schermata-2024-02-22-alle-09.37.55.png 1692w\" sizes=\"(max-width: 1024px) 100vw, 1024px\" \/><\/figure><\/div>\n\n\n\n<p><strong>LA DISINFORMAZIONE GENERATA DALL\u2019INTELLIGENZA ARTIFICIALE IN LIEVE AUMENTO<\/strong><\/p>\n\n\n\n<p>Ancora in crescita il numero di storie false che sfruttano contenuti generati dall\u2019IA a gennaio, ma in maniera pi\u00f9 contenuta rispetto ai mesi precedenti. Il rispettivo valore \u00e8 pari al 6,7% sul totale, maggiore di&nbsp;quello rilevato<br>a livello europeo da Edmo.<\/p>\n\n\n\n<p>Tra le storie false pi\u00f9 significative che hanno sfruttato tecniche di AI ci sono un video modificato, e presentato come un servizio del TG1, su&nbsp;presunte cure per il diabete e immagini generate di celebrit\u00e0 in compagnia di&nbsp;Jeffrey Epstein, finanziere americano accusato di traffico e abuso sessuale.<\/p>\n\n\n\n<div class=\"wp-block-image\"><figure class=\"aligncenter size-large\"><img decoding=\"async\" width=\"1024\" height=\"689\" src=\"https:\/\/www.idmo.it\/wp-content\/uploads\/2024\/02\/Schermata-2024-02-22-alle-09.38.50-1024x689.png\" alt=\"\" class=\"wp-image-186582\" srcset=\"https:\/\/www.idmo.it\/wp-content\/uploads\/2024\/02\/Schermata-2024-02-22-alle-09.38.50-1024x689.png 1024w, https:\/\/www.idmo.it\/wp-content\/uploads\/2024\/02\/Schermata-2024-02-22-alle-09.38.50-300x202.png 300w, https:\/\/www.idmo.it\/wp-content\/uploads\/2024\/02\/Schermata-2024-02-22-alle-09.38.50-768x517.png 768w, https:\/\/www.idmo.it\/wp-content\/uploads\/2024\/02\/Schermata-2024-02-22-alle-09.38.50-24x16.png 24w, https:\/\/www.idmo.it\/wp-content\/uploads\/2024\/02\/Schermata-2024-02-22-alle-09.38.50-36x24.png 36w, https:\/\/www.idmo.it\/wp-content\/uploads\/2024\/02\/Schermata-2024-02-22-alle-09.38.50-48x32.png 48w, https:\/\/www.idmo.it\/wp-content\/uploads\/2024\/02\/Schermata-2024-02-22-alle-09.38.50.png 1144w\" sizes=\"(max-width: 1024px) 100vw, 1024px\" \/><\/figure><\/div>\n\n\n\n<p><strong>LE MILLE E UNA TEORIE DEL COMPLOTTO<\/strong><\/p>\n\n\n\n<p>La moltitudine di cospirazioni&nbsp;segnalate a dicembre&nbsp;\u00e8 andata arricchendosi a gennaio, anche per via di alcuni eventi frequentemente bersagliati da ogni genere di teorie.<\/p>\n\n\n\n<p>Nel primo mese dell\u2019anno, infatti, il World Economic Forum (WEF) tiene il suo evento annuale a Davos, in Svizzera, e molte sono state le falsit\u00e0 a riguardo. Alcune&nbsp;storie false&nbsp;hanno riguardato l\u2019evento in s\u00e9, mentre sono circolate numerose teorie cospirazioniste secondo le cui il WEF sarebbe coinvolto in piani di&nbsp;sterminio,&nbsp;rivoluzioni politiche&nbsp;del \u201cGrande Reset\u201d,&nbsp;riscrittura&nbsp;della Bibbia, \u201cportali in cielo\u201de nuove pandemie.<\/p>\n\n\n\n<p>Oltre a queste, sono circolate altre varie ipotesi di complotto. I piani segreti di cui parlano le storie false&nbsp;riguardano presunte sostituzioni etniche,&nbsp;blocco dei cellulari,&nbsp;civilt\u00e0 antiche,&nbsp;allunaggi,<br>ma anche la morte&nbsp;di Aldo Moro e&nbsp;campagne&nbsp;di raccolta fondi per beneficenza.<\/p>\n\n\n\n<p><strong>GLI ARTICOLI PI\u00d9 LETTI A GENNAIO, SECONDO I DATI RACCOLTI DAI PROGETTI CHE HANNO CONTRIBUITO A QUESTO REPORT, HANNO RIGUARDATO ATTUALIT\u00c0 GUERRA A GAZA, VACCINI, ATTUALIT\u00c0 E ALTRI ARGOMENTI MINORI<\/strong><\/p>\n\n\n\n<p><a href=\"https:\/\/www.open.online\/2024\/01\/28\/teorie-complotto-filippo-turetta-intelligenza-artificiale-fc\/\" target=\"_blank\" aria-label=\"undefined (apri in una nuova scheda)\" rel=\"noreferrer noopener\">Filippo Turetta non esiste? La teoria del complotto e \u00abla foto generata dall\u2019Intelligenza Artificiale\u00bb<\/a><\/p>\n\n\n\n<p><a href=\"https:\/\/www.bufale.net\/il-falso-video-di-salvini-mette-le-catene-alle-ruote-anteriori-della-tesla\/\" target=\"_blank\" aria-label=\"undefined (apri in una nuova scheda)\" rel=\"noreferrer noopener\">Il falso video di \u201cSalvini mette le catene alle ruote anteriori della Tesla\u201d<\/a><\/p>\n\n\n\n<p><a href=\"https:\/\/facta.news\/antibufale\/2024\/01\/23\/banca-italia-elisabetta-canalis-citazione-in-giudizio\/#:~:text=Infine%2C%20\u00e8%20falso%20che%20la,di%20come%20guadagnare%20soldi%20facilmente\" target=\"_blank\" aria-label=\"undefined (apri in una nuova scheda)\" rel=\"noreferrer noopener\">La Banca d\u2019Italia non ha citato in giudizio Elisabetta Canalis&nbsp;per delle dichiarazioni in tv<\/a><\/p>\n\n\n\n<p><a href=\"https:\/\/www.open.online\/2024\/01\/05\/foto-bambini-palestinesi-zaino-intelligenza-artificiale-fc\/\" target=\"_blank\" aria-label=\"undefined (apri in una nuova scheda)\" rel=\"noreferrer noopener\">No! Questa non \u00e8 una foto che ritrae due bambini palestinesi <\/a><\/p>\n\n\n\n<p><a href=\"https:\/\/facta.news\/antibufale\/2024\/01\/17\/spray-nasale-virx-grafene\/\" target=\"_blank\" aria-label=\"undefined (apri in una nuova scheda)\" rel=\"noreferrer noopener\">Lo spray nasale VirX non contiene grafene<\/a><\/p>\n\n\n\n<p><a href=\"https:\/\/it.blastingnews.com\/politica\/2024\/01\/non-e-vero-dallaumento-dei-tumori-per-i-vaccini-ai-bus-elettrici-di-oslo-che-si-rompono-in-inverno-003790353.html\" target=\"_blank\" aria-label=\"undefined (apri in una nuova scheda)\" rel=\"noreferrer noopener\">L\u2019immagine non mostra Taylor Swift accanto a Jeffrey Epstein<\/a><\/p>\n\n\n\n<p>* Progetti che hanno contribuito a questo report: BlastingNews, Bufale.net, Facta.news, Open, Pagella Politica<\/p>\n\n\n\n<h2 class=\"wp-block-heading\"><strong>Leggi il report completo <a href=\"https:\/\/www.idmo.it\/wp-content\/uploads\/2024\/02\/Orizzontale10.pdf\" target=\"_blank\" aria-label=\"undefined (apri in una nuova scheda)\" rel=\"noreferrer noopener\">QUI<\/a><\/strong><\/h2>\n","protected":false},"excerpt":{"rendered":"<p>Il ventisettesimo report mensile sulla disinformazione in Italia a cura di IDMO<\/p>\n","protected":false},"author":132,"featured_media":186584,"comment_status":"closed","ping_status":"closed","sticky":false,"template":"","format":"standard","meta":{"_acf_changed":false,"footnotes":""},"categories":[4952],"tags":[748,1418,4945,4568,4944],"class_list":["post-186579","post","type-post","status-publish","format-standard","has-post-thumbnail","hentry","category-report-mensili","tag-clima","tag-disinformazione","tag-gennaio","tag-idmo","tag-trattori"],"acf":{"share_this_post_to_edmo_website":false,"type_of_post":false,"options_for_news_post":{"":""},"options_for_event_post":{"event_start_date":null,"event_end_date":null,"event_location":"","event_programme":""},"options_for_report_post":{"post_author":"","report_type":false,"report_pdf_link":""},"options_for_investigation_post":{"post_author":""},"affiliation":false},"_links":{"self":[{"href":"https:\/\/www.idmo.it\/en\/wp-json\/wp\/v2\/posts\/186579","targetHints":{"allow":["GET"]}}],"collection":[{"href":"https:\/\/www.idmo.it\/en\/wp-json\/wp\/v2\/posts"}],"about":[{"href":"https:\/\/www.idmo.it\/en\/wp-json\/wp\/v2\/types\/post"}],"author":[{"embeddable":true,"href":"https:\/\/www.idmo.it\/en\/wp-json\/wp\/v2\/users\/132"}],"replies":[{"embeddable":true,"href":"https:\/\/www.idmo.it\/en\/wp-json\/wp\/v2\/comments?post=186579"}],"version-history":[{"count":1,"href":"https:\/\/www.idmo.it\/en\/wp-json\/wp\/v2\/posts\/186579\/revisions"}],"predecessor-version":[{"id":186592,"href":"https:\/\/www.idmo.it\/en\/wp-json\/wp\/v2\/posts\/186579\/revisions\/186592"}],"wp:featuredmedia":[{"embeddable":true,"href":"https:\/\/www.idmo.it\/en\/wp-json\/wp\/v2\/media\/186584"}],"wp:attachment":[{"href":"https:\/\/www.idmo.it\/en\/wp-json\/wp\/v2\/media?parent=186579"}],"wp:term":[{"taxonomy":"category","embeddable":true,"href":"https:\/\/www.idmo.it\/en\/wp-json\/wp\/v2\/categories?post=186579"},{"taxonomy":"post_tag","embeddable":true,"href":"https:\/\/www.idmo.it\/en\/wp-json\/wp\/v2\/tags?post=186579"}],"curies":[{"name":"wp","href":"https:\/\/api.w.org\/{rel}","templated":true}]}}