{"id":186545,"date":"2024-02-13T14:59:04","date_gmt":"2024-02-13T13:59:04","guid":{"rendered":"https:\/\/www.idmo.it\/?p=186545"},"modified":"2024-02-20T14:46:13","modified_gmt":"2024-02-20T13:46:13","slug":"idmo","status":"publish","type":"post","link":"https:\/\/www.idmo.it\/en\/2024\/02\/13\/idmo\/","title":{"rendered":"IDMO: una storia di successo. Bilancio delle attivit\u00e0 dell\u2019Osservatorio sull\u2019information disorder"},"content":{"rendered":"\n<p>Il 21 febbraio 2024 dalle 11:00 alle 13:00 presso la Sala delle Colonne nel campus Luiss di Viale Pola 12, a Roma si terr\u00e0 \u201cIDMO: Una Storia di Successo\u201d, dove tutti i partner di&nbsp;<strong>IDMO<\/strong>&nbsp;si troveranno per riflettere sulle iniziative e i risultati ottenuti dall\u2019Osservatorio.&nbsp;<\/p>\n\n\n\n<p>L\u2019Information Disorder rappresenta una delle sfide pi\u00f9 significative del nostro tempo, influenzando la sfera pubblica, la politica, e il nostro modo di percepire la realt\u00e0. In questo contesto, IDMO si \u00e8 distinto come un punto di riferimento nella lotta contro la disinformazione, promuovendo la ricerca, la consapevolezza e l\u2019azione concreta.<\/p>\n\n\n\n<p>Durante l\u2019evento, avremo l\u2019opportunit\u00e0 di fare il punto sulle attivit\u00e0 svolte dall\u2019IDMO nel corso degli ultimi anni, esaminando i successi raggiunti e le sfide affrontate. Esperti del settore, accademici, giornalisti e attivisti si confronteranno in tavole rotonde e presentazioni per analizzare le migliori pratiche, le strategie vincenti e le prospettive future nella lotta all\u2019Information Disorder.<\/p>\n\n\n\n<p>All\u2019evento parteciperanno tra gli altri&nbsp;<strong>Gianni Riotta<\/strong>, Direttore del Data Lab dell&#8217;Universit\u00e0 Luiss di Roma e&nbsp;<strong>Francesco Giorgino<\/strong>, Direttore dell\u2019Ufficio Studi Rai,&nbsp;<strong>Giulia Pozzi<\/strong>,&nbsp;Analyst&nbsp;<strong>NewsGuard Tech,&nbsp;Katiuscha Gabriele<\/strong>, Responsabile Development &amp; Education &#8211; Network, Operations &amp; Wholesale, TIM, <strong>Tommaso Canetta,&nbsp;<\/strong>vicedirettore Pagella Politica, <strong>Andrea Nicolai<\/strong>, CEO T6 Ecosystems, <strong>Davide Bellucci<\/strong>, Tor Vergata e <strong>Filippo Davanzo<\/strong>, Gruppo GEDI.<\/p>\n\n\n\n<p>Per registrarti e ottenere ulteriori informazioni sull\u2019evento&nbsp;<a href=\"https:\/\/eur01.safelinks.protection.outlook.com\/?url=https%3A%2F%2Fluiss.webex.com%2Fweblink%2Fregister%2Fr9f0a4cddcfda313ea6d85b6264974e5e&amp;data=05%7C02%7Cepanico%40luiss.it%7C23d63dfe3f6c44d4811108dc262a4d26%7Cba9085d722554a2cb1cbdcb1dab5a842%7C0%7C0%7C638427210332591400%7CUnknown%7CTWFpbGZsb3d8eyJWIjoiMC4wLjAwMDAiLCJQIjoiV2luMzIiLCJBTiI6Ik1haWwiLCJXVCI6Mn0%3D%7C0%7C%7C%7C&amp;sdata=9APeoGQ%2B1cLxE83zSh2X7gaPkmVkmnmLC0W4lVVE050%3D&amp;reserved=0\" target=\"_blank\" rel=\"noreferrer noopener\">clicca qui<\/a>.&nbsp;La diretta sar\u00e0 visibile sul canale Youtube di IDMO:&nbsp;<a href=\"http:\/\/www.youtube.com\/@idmo9512\">www.youtube.com\/@idmo9512<\/a><\/p>\n\n\n\n<p>Per registrarti e ottenere ulteriori informazioni sull&#8217;evento <a aria-label=\"undefined (apri in una nuova scheda)\" href=\"https:\/\/eur01.safelinks.protection.outlook.com\/?url=https%3A%2F%2Fluiss.webex.com%2Fweblink%2Fregister%2Fr9f0a4cddcfda313ea6d85b6264974e5e&amp;data=05%7C02%7Cepanico%40luiss.it%7C23d63dfe3f6c44d4811108dc262a4d26%7Cba9085d722554a2cb1cbdcb1dab5a842%7C0%7C0%7C638427210332591400%7CUnknown%7CTWFpbGZsb3d8eyJWIjoiMC4wLjAwMDAiLCJQIjoiV2luMzIiLCJBTiI6Ik1haWwiLCJXVCI6Mn0%3D%7C0%7C%7C%7C&amp;sdata=9APeoGQ%2B1cLxE83zSh2X7gaPkmVkmnmLC0W4lVVE050%3D&amp;reserved=0\" target=\"_blank\" rel=\"noreferrer noopener\">clicca qui<\/a>. <\/p>\n\n\n\n<p>Leggi <a href=\"https:\/\/www.idmo.it\/2024\/02\/20\/idmo-rai-giorgino\/\" target=\"_blank\" aria-label=\"undefined (apri in una nuova scheda)\" rel=\"noreferrer noopener\">qui<\/a> il comunicato stampa Rai <\/p>\n","protected":false},"excerpt":{"rendered":"<p>Il 21 febbraio 2024 dalle 11:00 alle 13:00 presso la Sala delle Colonne nel campus Luiss di Viale Pola 12, a Roma si terr\u00e0 \u201cIDMO: Una Storia di Successo\u201d, dove tutti i partner di&nbsp;IDMO&nbsp;si troveranno per riflettere sulle iniziative e i risultati ottenuti dall\u2019Osservatorio.&nbsp; L\u2019Information Disorder rappresenta una delle sfide pi\u00f9 significative del nostro tempo, [&hellip;]<\/p>\n","protected":false},"author":132,"featured_media":186548,"comment_status":"closed","ping_status":"closed","sticky":false,"template":"","format":"standard","meta":{"_acf_changed":false,"footnotes":""},"categories":[2574],"tags":[],"class_list":["post-186545","post","type-post","status-publish","format-standard","has-post-thumbnail","hentry","category-eventi"],"acf":{"share_this_post_to_edmo_website":false,"type_of_post":false,"options_for_news_post":{"":""},"options_for_event_post":{"event_start_date":null,"event_end_date":null,"event_location":"","event_programme":""},"options_for_report_post":{"post_author":"","report_type":false,"report_pdf_link":""},"options_for_investigation_post":{"post_author":""},"affiliation":false},"_links":{"self":[{"href":"https:\/\/www.idmo.it\/en\/wp-json\/wp\/v2\/posts\/186545","targetHints":{"allow":["GET"]}}],"collection":[{"href":"https:\/\/www.idmo.it\/en\/wp-json\/wp\/v2\/posts"}],"about":[{"href":"https:\/\/www.idmo.it\/en\/wp-json\/wp\/v2\/types\/post"}],"author":[{"embeddable":true,"href":"https:\/\/www.idmo.it\/en\/wp-json\/wp\/v2\/users\/132"}],"replies":[{"embeddable":true,"href":"https:\/\/www.idmo.it\/en\/wp-json\/wp\/v2\/comments?post=186545"}],"version-history":[{"count":1,"href":"https:\/\/www.idmo.it\/en\/wp-json\/wp\/v2\/posts\/186545\/revisions"}],"predecessor-version":[{"id":186577,"href":"https:\/\/www.idmo.it\/en\/wp-json\/wp\/v2\/posts\/186545\/revisions\/186577"}],"wp:featuredmedia":[{"embeddable":true,"href":"https:\/\/www.idmo.it\/en\/wp-json\/wp\/v2\/media\/186548"}],"wp:attachment":[{"href":"https:\/\/www.idmo.it\/en\/wp-json\/wp\/v2\/media?parent=186545"}],"wp:term":[{"taxonomy":"category","embeddable":true,"href":"https:\/\/www.idmo.it\/en\/wp-json\/wp\/v2\/categories?post=186545"},{"taxonomy":"post_tag","embeddable":true,"href":"https:\/\/www.idmo.it\/en\/wp-json\/wp\/v2\/tags?post=186545"}],"curies":[{"name":"wp","href":"https:\/\/api.w.org\/{rel}","templated":true}]}}