{"id":186340,"date":"2023-08-25T10:56:22","date_gmt":"2023-08-25T08:56:22","guid":{"rendered":"https:\/\/www.idmo.it\/2023\/08\/25\/teorie-del-complotto-e-negazionismo-alimentano-a-luglio-la-disinformazione-sul-cambiamento-climatico\/"},"modified":"2023-11-14T13:42:19","modified_gmt":"2023-11-14T12:42:19","slug":"teorie-del-complotto-e-negazionismo-alimentano-a-luglio-la-disinformazione-sul-cambiamento-climatico","status":"publish","type":"post","link":"https:\/\/www.idmo.it\/en\/2023\/08\/25\/teorie-del-complotto-e-negazionismo-alimentano-a-luglio-la-disinformazione-sul-cambiamento-climatico\/","title":{"rendered":"Teorie del complotto e negazionismo alimentano a luglio la disinformazione sul cambiamento climatico"},"content":{"rendered":"\n<h3 class=\"wp-block-heading\">A luglio cresce la disinformazione sul cambiamento climatico, sulla pandemia e quella sulla Ue. Cala invece la disinformazione sulla guerra in Ucraina<\/h3>\n\n<p>I quattro progetti editoriali italiani che hanno pubblicato contenuti\u00a0di verifica dei fatti, e che hanno contribuito a questo report*, hanno pubblicato, a luglio 2023, un totale di 207 articoli di fact-checking.<\/p>\n\n<p>Di questi 22 (10,6%) hanno avuto per oggetto casi di disinformazione riguardanti la guerra in Ucraina, 22 (10,6%) la pandemia, 22 (10,6%) il cambiamento climatico e 21 (10,1%) l\u2019Unione europea. I numeri di luglio relativi ai principali argomenti di disinformazione costantemente monitorati sono identici o molto simili, ma i trend sono invece significativamente diversi.<\/p>\n\n<p>La disinformazione riguardante il cambiamento climatico \u00e8 aumentata significativamente. Questo aumento pu\u00f2 essere in parte spiegato dall\u2019andamento stagionale delle notizie, che in estate si concentrano maggiormente sul clima \u2013 ricordiamo che la disinformazione tende a seguire l\u2019agenda dettata dall\u2019informazione \u2013, e in parte dal fatto che, alivello globale, luglio \u00e8 stato il mese pi\u00f9 caldo mai registrato, con diverse ondate di calore che hanno investito l\u2019Europa. Questo ha alimentato il dibattito in Italia, sui media, nella politica e nella societ\u00e0, sul tema del cambiamento climatico.<\/p>\n\n<div class=\"wp-block-image\"><figure class=\"aligncenter size-large\"><img fetchpriority=\"high\" decoding=\"async\" width=\"1024\" height=\"756\" src=\"https:\/\/www.idmo.it\/wp-content\/uploads\/2023\/08\/Schermata-2023-08-25-alle-10.41.19-1024x756.png\" alt=\"disinformazione cambiamento climatico\" class=\"wp-image-183699\" srcset=\"https:\/\/www.idmo.it\/wp-content\/uploads\/2023\/08\/Schermata-2023-08-25-alle-10.41.19-1024x756.png 1024w, https:\/\/www.idmo.it\/wp-content\/uploads\/2023\/08\/Schermata-2023-08-25-alle-10.41.19-300x221.png 300w, https:\/\/www.idmo.it\/wp-content\/uploads\/2023\/08\/Schermata-2023-08-25-alle-10.41.19-768x567.png 768w, https:\/\/www.idmo.it\/wp-content\/uploads\/2023\/08\/Schermata-2023-08-25-alle-10.41.19-24x18.png 24w, https:\/\/www.idmo.it\/wp-content\/uploads\/2023\/08\/Schermata-2023-08-25-alle-10.41.19-36x27.png 36w, https:\/\/www.idmo.it\/wp-content\/uploads\/2023\/08\/Schermata-2023-08-25-alle-10.41.19-48x35.png 48w, https:\/\/www.idmo.it\/wp-content\/uploads\/2023\/08\/Schermata-2023-08-25-alle-10.41.19.png 1442w\" sizes=\"(max-width: 1024px) 100vw, 1024px\" \/><\/figure><\/div>\n\n<h3 class=\"wp-block-heading\">La disinformazione generata dall&#8217;intelligenza artificiale \u00e8 a un nuovo minimo <\/h3>\n\n<p>La percentuale relativa ai contenuti di disinformazione che utilizzano strumenti di IA pesa l\u20191,4% sul totale. Si tratta del valore pi\u00f9 basso registrato fino a questo momento, in calo da tre mesi consecutivi. Anche a livello europeo il valore registrato a luglio (2%) \u00e8 il minimo mai rilevato. Come sottolineato nel brief Edmo, numeri cos\u00ec bassi potrebbero essere dovuti a una gi\u00e0 minore attenzione verso questa nuova tecnica o alla maggiore capacit\u00e0 del pubblico di riconoscerla, un disincentivo per il suo utilizzo da parte dei disinformatori.<\/p>\n\n<p>Come sottolineato negli scorsi report, \u00e8 importante anche tenere conto del fatto che tutti i casi conteggiati riguardano l\u2019utilizzo di immagini generate artificialmente, mentre sfuggono alla rilevazione i testi prodotti da software che utilizzano modelli linguistici (ad esempio ChatGPT).<\/p>\n\n<h3 class=\"wp-block-heading\">Negazionismo e complottismo spingono la disinformazione sul clima<\/h3>\n\n<p>Alle ondate di calore di luglio, sono seguite ondate di negazionismo climatico. Molte storie false sostengono che le temperature registrate\u00a0non siano\u00a0eccezionali, negando l\u2019esistenza del cambiamento del clima o l\u2019incidenza delle attivit\u00e0 umane su di esso.<br\/>I\u00a0media vengono accusati di diffondere panico ingiustificato, si tenta di infangare l\u2019immagine\u00a0degli\u00a0attivisti del clima, vengono ipotizzate manipolazioni\u00a0nella\u00a0misurazione delle temperature da parte delle autorit\u00e0 e, in generale, si ipotizza l\u2019esistenza di complotti che, ingigantendo la portata del cambiamento climatico, sarebbero tesi a privare i cittadini delle loro libert\u00e0.<\/p>\n\n<p>Si tratta di narrative di disinformazione gi\u00e0 circolate in passato, che screditano le misure per contrastare il cambiamento climatico, rappresentandole come inutili o dannose.\u00a0Diverse storie\u00a0false\u00a0hanno poiriguardato esplosioni di veicoli elettrici.<\/p>\n\n<p>Il complottismo sul clima utilizza spesso gli stessi schemi e le stesse retoriche del complottismo sulla pandemia. In particolare, come accaduto\u00a0nel caso dei\u00a0\u201clockdown climatici\u201d, le misure contro l\u2019emergenza sanitaria e quella climatica sono presentate come diversi tentativi delle \u00e9lite mondiali di assoggettare<\/p>\n\n<p>i cittadini. Cos\u00ec le vecchie teorie sul \u201cGrande Reset\u201d, gi\u00e0 utilizzate per la pandemia, vengono riproposte da chi diffonde negazionismo climatico. In pi\u00f9,\u00a0una\u00a0teoria complottista molto\u00a0circolata\u00a0a luglio ha associato un simbolo di sostenibilit\u00e0 ambientale sulle confezioni alimentari al tentativo di somministrare vaccini all\u2019insaputa dei consumatori.<\/p>\n\n<div class=\"wp-block-image\"><figure class=\"aligncenter size-large\"><img decoding=\"async\" width=\"1024\" height=\"758\" src=\"https:\/\/www.idmo.it\/wp-content\/uploads\/2023\/08\/Schermata-2023-08-25-alle-10.44.12-1024x758.png\" alt=\"disinformazione cambiamento climatico\" class=\"wp-image-183700\" srcset=\"https:\/\/www.idmo.it\/wp-content\/uploads\/2023\/08\/Schermata-2023-08-25-alle-10.44.12-1024x758.png 1024w, https:\/\/www.idmo.it\/wp-content\/uploads\/2023\/08\/Schermata-2023-08-25-alle-10.44.12-300x222.png 300w, https:\/\/www.idmo.it\/wp-content\/uploads\/2023\/08\/Schermata-2023-08-25-alle-10.44.12-768x568.png 768w, https:\/\/www.idmo.it\/wp-content\/uploads\/2023\/08\/Schermata-2023-08-25-alle-10.44.12-24x18.png 24w, https:\/\/www.idmo.it\/wp-content\/uploads\/2023\/08\/Schermata-2023-08-25-alle-10.44.12-36x27.png 36w, https:\/\/www.idmo.it\/wp-content\/uploads\/2023\/08\/Schermata-2023-08-25-alle-10.44.12-48x36.png 48w, https:\/\/www.idmo.it\/wp-content\/uploads\/2023\/08\/Schermata-2023-08-25-alle-10.44.12.png 1438w\" sizes=\"(max-width: 1024px) 100vw, 1024px\" \/><\/figure><\/div>\n\n<h3 class=\"wp-block-heading\">Gli articoli pi\u00f9 letti a luglio, secondo i dati raccolti dai progetti che hanno contribuito a questo report, hanno riguardato il clima, i vaccini, il ritorno di Patrick Zaki a Bologna e altri argomenti minori <\/h3>\n\n<p><a href=\"https:\/\/facta.news\/antibufale\/2023\/07\/25\/estate-1967-roma-42-gradi\/\" target=\"_blank\" aria-label=\"undefined (apri in una nuova scheda)\" rel=\"noreferrer noopener\">No, nell\u2019estate del 1967 Roma non ha raggiunto i 42 gradi &#8211; Facta<\/a><\/p>\n\n<p><a aria-label=\"undefined (apri in una nuova scheda)\" href=\"https:\/\/www.open.online\/2023\/07\/26\/zaki-bologna-proprietario-casa-23800-euro-fc\/\" target=\"_blank\" rel=\"noreferrer noopener\">No! Questo articolo su Zaki che torna a Bologna e il \u201cproprietario di casa\u201d che gli chiede 23.800 euro non esiste &#8211; Open<\/a><\/p>\n\n<p><a href=\"https:\/\/facta.news\/antibufale\/2023\/07\/05\/euromomo-malori-improvvisi-vaccino-covid\/\" target=\"_blank\" aria-label=\"undefined (apri in una nuova scheda)\" rel=\"noreferrer noopener\">Questa tabella sui \u00abmalori improvvisi\u00bb contiene dati infondati<\/a><\/p>\n\n<p><a href=\"https:\/\/www.bufale.net\/ci-risiamo-con-michael-schumacher-morto-oggi-dai-titolacci-alla-bufala-e-un-attimo\/\" target=\"_blank\" aria-label=\"undefined (apri in una nuova scheda)\" rel=\"noreferrer noopener\">Ci risiamo con Michael Schumacher morto oggi: dai titolacci alla bufala \u00e8 un attimo<\/a><\/p>\n\n<h2 class=\"wp-block-heading\">LEGGI IL REPORT <a href=\"https:\/\/www.idmo.it\/wp-content\/uploads\/2023\/08\/IDMO-21-Orizzontale.pdf\" target=\"_blank\" aria-label=\"undefined (apri in una nuova scheda)\" rel=\"noreferrer noopener\">QUI<\/a><\/h2>\n\n<p>* Progetti che hanno contribuito a questo report: Bufale.net, Facta.news, Open, Pagella Politica<\/p>\n","protected":false},"excerpt":{"rendered":"<p>Nel ventunesimo report mensile sulla disinformazione in Italia a cura di IDMO si analizzano i temi legati al cambiamento climatico<\/p>\n","protected":false},"author":132,"featured_media":186252,"comment_status":"closed","ping_status":"closed","sticky":false,"template":"","format":"standard","meta":{"_acf_changed":false,"footnotes":""},"categories":[],"tags":[4910,4888,4889],"class_list":["post-186340","post","type-post","status-publish","format-standard","has-post-thumbnail","hentry","tag-climate-change-en","tag-disinformation-en","tag-idmo-en"],"acf":{"share_this_post_to_edmo_website":false,"type_of_post":false,"options_for_news_post":{"":""},"options_for_event_post":{"event_start_date":null,"event_end_date":null,"event_location":"","event_programme":""},"options_for_report_post":{"post_author":"","report_type":false,"report_pdf_link":""},"options_for_investigation_post":{"post_author":""},"affiliation":false},"_links":{"self":[{"href":"https:\/\/www.idmo.it\/en\/wp-json\/wp\/v2\/posts\/186340","targetHints":{"allow":["GET"]}}],"collection":[{"href":"https:\/\/www.idmo.it\/en\/wp-json\/wp\/v2\/posts"}],"about":[{"href":"https:\/\/www.idmo.it\/en\/wp-json\/wp\/v2\/types\/post"}],"author":[{"embeddable":true,"href":"https:\/\/www.idmo.it\/en\/wp-json\/wp\/v2\/users\/132"}],"replies":[{"embeddable":true,"href":"https:\/\/www.idmo.it\/en\/wp-json\/wp\/v2\/comments?post=186340"}],"version-history":[{"count":1,"href":"https:\/\/www.idmo.it\/en\/wp-json\/wp\/v2\/posts\/186340\/revisions"}],"predecessor-version":[{"id":186341,"href":"https:\/\/www.idmo.it\/en\/wp-json\/wp\/v2\/posts\/186340\/revisions\/186341"}],"wp:featuredmedia":[{"embeddable":true,"href":"https:\/\/www.idmo.it\/en\/wp-json\/wp\/v2\/media\/186252"}],"wp:attachment":[{"href":"https:\/\/www.idmo.it\/en\/wp-json\/wp\/v2\/media?parent=186340"}],"wp:term":[{"taxonomy":"category","embeddable":true,"href":"https:\/\/www.idmo.it\/en\/wp-json\/wp\/v2\/categories?post=186340"},{"taxonomy":"post_tag","embeddable":true,"href":"https:\/\/www.idmo.it\/en\/wp-json\/wp\/v2\/tags?post=186340"}],"curies":[{"name":"wp","href":"https:\/\/api.w.org\/{rel}","templated":true}]}}