{"id":183596,"date":"2023-07-21T10:00:00","date_gmt":"2023-07-21T08:00:00","guid":{"rendered":"https:\/\/www.idmo.it\/?p=183596"},"modified":"2024-04-18T11:47:03","modified_gmt":"2024-04-18T09:47:03","slug":"giugno-2023-disinformazione","status":"publish","type":"post","link":"https:\/\/www.idmo.it\/en\/2023\/07\/21\/giugno-2023-disinformazione\/","title":{"rendered":"A giugno 2023 cresce la disinformazione sulla guerra in Ucraina e sull\u2019Ue"},"content":{"rendered":"\n<h2 class=\"wp-block-heading\">A giugno 2023 cresce la disinformazione sulla guerra in Ucraina e quella sulla Ue. La disinformazione sul clima si riduce, e quella sulla pandemia diventa sempre pi\u00f9 marginale<\/h2>\n\n\n\n<p>I cinque progetti editoriali italiani che hanno pubblicato contenuti di verifica&nbsp;dei fatti, e che hanno contribuito a questo report*, hanno pubblicato, a giugno 2023, un totale di 259 articoli di <a href=\"https:\/\/www.idmo.it\/2023\/04\/28\/best-of-fact-checking-map\/\" target=\"_blank\" aria-label=\"undefined (apri in una nuova scheda)\" rel=\"noreferrer noopener\">fact-checking<\/a>.<\/p>\n\n\n\n<p>Di questi 38 (14,7%) hanno avuto per oggetto casi di disinformazione riguardanti la guerra in Ucraina, 23 (8,8%, un nuovo minimo) la pandemia,&nbsp;17 (6,6%) il cambiamento climatico e 19 (7,3%) l\u2019Unione europea.<\/p>\n\n\n\n<p>La disinformazione sulla guerra in Ucraina \u00e8 aumentata nuovamente, dopo che a maggio aveva fatto registrare uno dei valori pi\u00f9 bassi (11,9%) dall\u2019inizio del monitoraggio. Le principali narrazioni di disinformazionerestano quelle rilevate nei mesi precedenti (principalmente, il suppostonazismo dell\u2019Ucraina e l\u2019immoralit\u00e0 dei suoi leader), cui si sono aggiuntestorie false sul crollo della diga di Nova Kachovka. In aumento anche la disinformazione a tema Ue, che a maggio valeva il 4,4% del totale.Come evidenziato per\u00f2 nell\u2019ultimo&nbsp;brief EDMO, a due mesi dall\u2019inizio della rilevazione, \u00e8 presto per valutare se si tratta di una vera tendenza.<\/p>\n\n\n\n<p>* Progetti che hanno contribuito a questo report: BlastingNews, Bufale.net, Facta, Open, Pagella Politica<\/p>\n\n\n\n<div class=\"wp-block-image\"><figure class=\"aligncenter size-large\"><img fetchpriority=\"high\" decoding=\"async\" width=\"1024\" height=\"764\" src=\"https:\/\/www.idmo.it\/wp-content\/uploads\/2023\/07\/Schermata-2023-07-20-alle-11.29.12-1024x764.png\" alt=\"\" class=\"wp-image-183597\" srcset=\"https:\/\/www.idmo.it\/wp-content\/uploads\/2023\/07\/Schermata-2023-07-20-alle-11.29.12-1024x764.png 1024w, https:\/\/www.idmo.it\/wp-content\/uploads\/2023\/07\/Schermata-2023-07-20-alle-11.29.12-300x224.png 300w, https:\/\/www.idmo.it\/wp-content\/uploads\/2023\/07\/Schermata-2023-07-20-alle-11.29.12-768x573.png 768w, https:\/\/www.idmo.it\/wp-content\/uploads\/2023\/07\/Schermata-2023-07-20-alle-11.29.12-1536x1146.png 1536w, https:\/\/www.idmo.it\/wp-content\/uploads\/2023\/07\/Schermata-2023-07-20-alle-11.29.12-24x18.png 24w, https:\/\/www.idmo.it\/wp-content\/uploads\/2023\/07\/Schermata-2023-07-20-alle-11.29.12-36x27.png 36w, https:\/\/www.idmo.it\/wp-content\/uploads\/2023\/07\/Schermata-2023-07-20-alle-11.29.12-48x36.png 48w, https:\/\/www.idmo.it\/wp-content\/uploads\/2023\/07\/Schermata-2023-07-20-alle-11.29.12.png 1576w\" sizes=\"(max-width: 1024px) 100vw, 1024px\" \/><\/figure><\/div>\n\n\n\n<h2 class=\"wp-block-heading\">A giugno 2023 la disinformazione generata dall&#8217;Intelligenza Artificiale diminuisce <\/h2>\n\n\n\n<p>La percentuale rilevata di disinformazione generata con IA vale il 4,2% del totale. Un valore minore rispetto a quelli dei mesi precedenti e pi\u00f9 simile a quelli rilevati da Edmo a livello europeo, stabilmente intorno al 4%.<\/p>\n\n\n\n<p>L\u2019uso di strumenti di IA per creare notizie false \u00e8 una tecnica di disinformazione ed \u00e8 importante sottolineare che tutti i casi rilevati riguardano immagini create artificialmente. Non \u00e8 ancora possibile,&nbsp;come evidenziato da un articolo su Edmo, avere un\u2019idea precisa della disinformazione testuale generata con l\u2019utilizzo dell\u2019Intelligenza Artificiale.<\/p>\n\n\n\n<div class=\"wp-block-image\"><figure class=\"aligncenter size-large\"><img decoding=\"async\" width=\"1024\" height=\"760\" src=\"https:\/\/www.idmo.it\/wp-content\/uploads\/2023\/07\/Schermata-2023-07-20-alle-11.30.26-1024x760.png\" alt=\"\" class=\"wp-image-183598\" srcset=\"https:\/\/www.idmo.it\/wp-content\/uploads\/2023\/07\/Schermata-2023-07-20-alle-11.30.26-1024x760.png 1024w, https:\/\/www.idmo.it\/wp-content\/uploads\/2023\/07\/Schermata-2023-07-20-alle-11.30.26-300x223.png 300w, https:\/\/www.idmo.it\/wp-content\/uploads\/2023\/07\/Schermata-2023-07-20-alle-11.30.26-768x570.png 768w, https:\/\/www.idmo.it\/wp-content\/uploads\/2023\/07\/Schermata-2023-07-20-alle-11.30.26-24x18.png 24w, https:\/\/www.idmo.it\/wp-content\/uploads\/2023\/07\/Schermata-2023-07-20-alle-11.30.26-36x27.png 36w, https:\/\/www.idmo.it\/wp-content\/uploads\/2023\/07\/Schermata-2023-07-20-alle-11.30.26-48x36.png 48w, https:\/\/www.idmo.it\/wp-content\/uploads\/2023\/07\/Schermata-2023-07-20-alle-11.30.26.png 1170w\" sizes=\"(max-width: 1024px) 100vw, 1024px\" \/><\/figure><\/div>\n\n\n\n<h2 class=\"wp-block-heading\">Disinformazione contro la comunit\u00e0 LGBTQ+&nbsp;nel mese del Pride<\/h2>\n\n\n\n<p>Giugno \u00e8 il mese delle celebrazioni del Pride. La disinformazione sul tema, che circolava anche in&nbsp;precedenza, ha sfruttato la popolarit\u00e0 dell\u2019argomento a giugno per diffondere messaggi omofobi e discriminatori. I membri e attivisti Lgbtq+ sono infatti accusati di essere pedofili, deviati oppure di voler&nbsp;imporre un\u2019egemonia culturale. In generale, le principali storie false circolate in Italia a giugno veicolano&nbsp;le narrazioni di disinformazione gi\u00e0 individuate a livello europeo da un&nbsp;articolo che Edmo ha dedicato&nbsp;all\u2019argomento.<\/p>\n\n\n\n<p>Due particolari storie false legate al Pride hanno riguardato la presidente del Consiglio, Giorgia Meloni. Una, circolata&nbsp;anche al di fuori dell\u2019Ue, sosteneva che il governo Meloni avesse&nbsp;introdotto il \u201cFamily Pride Month\u201d, dedicando giugno alla celebrazione della cosiddetta \u201cfamiglia tradizionale\u201d. La presidente&nbsp;del Consiglio \u00e8 stata oggetto anche di una notizia falsa di segno opposto che, tramite un\u2019immagine&nbsp;modificata, suggeriva il suo appoggio alle manifestazioni del Roma. <\/p>\n\n\n\n<h2 class=\"wp-block-heading\">Gli articoli pi\u00f9 letti a giugno 2023, secondo i dati raccolti dai progetti che hanno contribuito a questo report, hanno riguardato i funerali di Silvio Berlusconi, la parata del 2 giugno e altri argomenti minori<\/h2>\n\n\n\n<p><a href=\"https:\/\/facta.news\/antibufale\/2023\/06\/15\/funerali-silvio-berlusconi-gabibbo\/\" target=\"_blank\" aria-label=\"undefined (apri in una nuova scheda)\" rel=\"noreferrer noopener\">No, ai funerali di Silvio Berlusconi non c\u2019era il Gabibbo<\/a><\/p>\n\n\n\n<p><a href=\"https:\/\/www.open.online\/2023\/06\/03\/2-giugno-saluto-fascista-decima-x-mas-fc\/\" target=\"_blank\" aria-label=\"undefined (apri in una nuova scheda)\" rel=\"noreferrer noopener\">No! Non c\u2019\u00e8 stato un saluto fascista della \u201cDecima MAS\u201d durante laparata del 2 giugno delle Forze Armate<\/a><\/p>\n\n\n\n<p><a href=\"https:\/\/www.open.online\/2023\/06\/12\/elly-schlein-tavernello-fc\/\" target=\"_blank\" aria-label=\"undefined (apri in una nuova scheda)\" rel=\"noreferrer noopener\">No! Elly Schlein non ha bevuto Tavernello in aula alla Camera<\/a><\/p>\n\n\n\n<p><a href=\"https:\/\/www.bufale.net\/le-controfigure-di-tom-cruise-sono-state-generate-dallintelligenza-artificiale\/\">Le controfigure di Tom Cruise sono state generate dall\u2019intelligenza artificiale<\/a><\/p>\n\n\n\n<div class=\"wp-block-image\"><figure class=\"aligncenter size-large\"><img decoding=\"async\" width=\"1024\" height=\"769\" src=\"https:\/\/www.idmo.it\/wp-content\/uploads\/2023\/07\/Schermata-2023-07-20-alle-11.34.19-1024x769.png\" alt=\"\" class=\"wp-image-183600\" srcset=\"https:\/\/www.idmo.it\/wp-content\/uploads\/2023\/07\/Schermata-2023-07-20-alle-11.34.19-1024x769.png 1024w, https:\/\/www.idmo.it\/wp-content\/uploads\/2023\/07\/Schermata-2023-07-20-alle-11.34.19-300x225.png 300w, https:\/\/www.idmo.it\/wp-content\/uploads\/2023\/07\/Schermata-2023-07-20-alle-11.34.19-768x577.png 768w, https:\/\/www.idmo.it\/wp-content\/uploads\/2023\/07\/Schermata-2023-07-20-alle-11.34.19-24x18.png 24w, https:\/\/www.idmo.it\/wp-content\/uploads\/2023\/07\/Schermata-2023-07-20-alle-11.34.19-36x27.png 36w, https:\/\/www.idmo.it\/wp-content\/uploads\/2023\/07\/Schermata-2023-07-20-alle-11.34.19-48x36.png 48w, https:\/\/www.idmo.it\/wp-content\/uploads\/2023\/07\/Schermata-2023-07-20-alle-11.34.19.png 1172w\" sizes=\"(max-width: 1024px) 100vw, 1024px\" \/><\/figure><\/div>\n\n\n\n<h2 class=\"wp-block-heading\">LEGGI IL REPORT COMPLETO <a aria-label=\"undefined (apri in una nuova scheda)\" href=\"https:\/\/www.idmo.it\/wp-content\/uploads\/2023\/07\/IDMO-20-Orizzontale.pdf\" target=\"_blank\" rel=\"noreferrer noopener\"><strong>QUI<\/strong><\/a><\/h2>\n","protected":false},"excerpt":{"rendered":"<p>A giugno 2023 cresce la disinformazione sulla guerra in ucraina e sulla Ue, si riduce sul clima e quella sulla pandemia diventa sempre pi\u00f9 marginale<\/p>\n","protected":false},"author":132,"featured_media":183116,"comment_status":"closed","ping_status":"closed","sticky":false,"template":"","format":"standard","meta":{"_acf_changed":false,"footnotes":""},"categories":[4952],"tags":[1418,4569,4846,4861,4600],"class_list":["post-183596","post","type-post","status-publish","format-standard","has-post-thumbnail","hentry","category-report-mensili","tag-disinformazione","tag-edmo","tag-fact-checking-2","tag-pride","tag-ucraina"],"acf":{"share_this_post_to_edmo_website":false,"type_of_post":false,"options_for_news_post":{"":""},"options_for_event_post":{"event_start_date":null,"event_end_date":null,"event_location":"","event_programme":""},"options_for_report_post":{"post_author":"","report_type":false,"report_pdf_link":""},"options_for_investigation_post":{"post_author":""},"affiliation":false},"_links":{"self":[{"href":"https:\/\/www.idmo.it\/en\/wp-json\/wp\/v2\/posts\/183596","targetHints":{"allow":["GET"]}}],"collection":[{"href":"https:\/\/www.idmo.it\/en\/wp-json\/wp\/v2\/posts"}],"about":[{"href":"https:\/\/www.idmo.it\/en\/wp-json\/wp\/v2\/types\/post"}],"author":[{"embeddable":true,"href":"https:\/\/www.idmo.it\/en\/wp-json\/wp\/v2\/users\/132"}],"replies":[{"embeddable":true,"href":"https:\/\/www.idmo.it\/en\/wp-json\/wp\/v2\/comments?post=183596"}],"version-history":[{"count":1,"href":"https:\/\/www.idmo.it\/en\/wp-json\/wp\/v2\/posts\/183596\/revisions"}],"predecessor-version":[{"id":183607,"href":"https:\/\/www.idmo.it\/en\/wp-json\/wp\/v2\/posts\/183596\/revisions\/183607"}],"wp:featuredmedia":[{"embeddable":true,"href":"https:\/\/www.idmo.it\/en\/wp-json\/wp\/v2\/media\/183116"}],"wp:attachment":[{"href":"https:\/\/www.idmo.it\/en\/wp-json\/wp\/v2\/media?parent=183596"}],"wp:term":[{"taxonomy":"category","embeddable":true,"href":"https:\/\/www.idmo.it\/en\/wp-json\/wp\/v2\/categories?post=183596"},{"taxonomy":"post_tag","embeddable":true,"href":"https:\/\/www.idmo.it\/en\/wp-json\/wp\/v2\/tags?post=183596"}],"curies":[{"name":"wp","href":"https:\/\/api.w.org\/{rel}","templated":true}]}}