{"id":183572,"date":"2023-07-19T11:37:31","date_gmt":"2023-07-19T09:37:31","guid":{"rendered":"https:\/\/www.idmo.it\/?p=183572"},"modified":"2023-07-19T11:37:34","modified_gmt":"2023-07-19T09:37:34","slug":"i-negazionisti-usano-complotti-novax-contro-il-riscaldamento-globale","status":"publish","type":"post","link":"https:\/\/www.idmo.it\/en\/2023\/07\/19\/i-negazionisti-usano-complotti-novax-contro-il-riscaldamento-globale\/","title":{"rendered":"I negazionisti usano complotti novax contro il riscaldamento globale"},"content":{"rendered":"\n<p>Il caldo estivo ha infiammato il dibattito sul riscaldamento globale. Dopo le temperature record del 3 luglio, quando la media globale ha superato per la prima volta i 17 C\u00b0, il primato \u00e8 stato battuto ancora il giorno successivo e di nuovo il 6 luglio (17,23 C\u00b0). La <a href=\"https:\/\/www.theguardian.com\/environment\/2023\/jul\/11\/uncharted-territory-un-declares-first-week-of-july-worlds-hottest-ever-recorded\">World Meteorological Organization<\/a> ha dichiarato che la prima settimana del mese \u00e8 stata la pi\u00f9 calda mai registrata.\u00a0<\/p>\n\n\n\n<p>Intanto <a href=\"https:\/\/www.nature.com\/articles\/s41591-023-02419-z\"><em>Nature Medicine<\/em><\/a> ha pubblicato uno studio preoccupante: durante l\u2019estate 2022, si stima che siano morte 61.000 persone in Europa per il caldo estremo. Il primo posto va all\u2019Italia, in testa a questa classifica di mortalit\u00e0 con 18.000 vittime tra il 30 maggio e il 4 settembre.&nbsp;<\/p>\n\n\n\n<p>Nonostante i dati poco rassicuranti forniti dalla comunit\u00e0 scientifica, i cambiamenti climatici restano un tema di scontro politico e gli eco-scettici non sembrano convinti della gravit\u00e0 della situazione. Sui social il <a href=\"https:\/\/www.idmo.it\/2023\/06\/22\/disinformazione-maggio-2023\/\">negazionismo<\/a> continua a prosperare e anche nelle ultime settimane si sono attivate campagne di disinformazione sul clima.<\/p>\n\n\n\n<h2 class=\"wp-block-heading\"><strong>I negazionisti climatici contro scienza e giornali<\/strong><\/h2>\n\n\n\n<p>La pubblicazione di <em>Nature Medicine<\/em> \u00e8 stata messa in discussione da alcuni giornalisti e account su Twitter e Telegram. Le principali critiche hanno riguardato i fondi dello studio, finanziato dal programma Horizon Europe di ricerca e innovazione. Stando agli eco-scettici, l\u2019Unione Europea starebbe finanziando questo genere di ricerche per giustificare le politiche di transizione ecologica: l\u2019alta mortalit\u00e0 per il caldo sarebbe solo l\u2019ultima emergenza inventata da una propaganda allarmista e pianificata.<\/p>\n\n\n\n<div class=\"wp-block-image\"><figure class=\"aligncenter size-full is-resized\"><img fetchpriority=\"high\" decoding=\"async\" src=\"https:\/\/www.idmo.it\/wp-content\/uploads\/2023\/07\/Progetto-senza-titolo-8.png\" alt=\"\" class=\"wp-image-183580\" width=\"573\" height=\"237\" srcset=\"https:\/\/www.idmo.it\/wp-content\/uploads\/2023\/07\/Progetto-senza-titolo-8.png 958w, https:\/\/www.idmo.it\/wp-content\/uploads\/2023\/07\/Progetto-senza-titolo-8-300x125.png 300w, https:\/\/www.idmo.it\/wp-content\/uploads\/2023\/07\/Progetto-senza-titolo-8-768x319.png 768w, https:\/\/www.idmo.it\/wp-content\/uploads\/2023\/07\/Progetto-senza-titolo-8-24x10.png 24w, https:\/\/www.idmo.it\/wp-content\/uploads\/2023\/07\/Progetto-senza-titolo-8-36x15.png 36w, https:\/\/www.idmo.it\/wp-content\/uploads\/2023\/07\/Progetto-senza-titolo-8-48x20.png 48w\" sizes=\"(max-width: 573px) 100vw, 573px\" \/><\/figure><\/div>\n\n\n\n<p>Rappresentando i ricercatori come subalterni alle presunte pressioni politiche dei propri committenti, questa narrazione nasconde il sistema di <em>peer review<\/em> degli articoli scientifici, che devono passare al vaglio di altri scienziati prima della pubblicazione. L\u2019indipendenza della comunit\u00e0 scientifica \u00e8 messa in discussione senza fornire prove, perch\u00e9 la sfiducia nella scienza \u00e8 il presupposto implicito a monte di queste accuse.&nbsp;<\/p>\n\n\n\n<p>L\u2019idea che la transizione ecologica necessiti di una giustificazione \u00e8 di per s\u00e9 distorta. Da tempo, gli scienziati concordano sulle cause umane del riscaldamento globale e sulla necessit\u00e0 di ridurre le emissioni di gas serra. Tuttavia, i negazionisti non credono che l\u2019umanit\u00e0 sia <a href=\"https:\/\/www.valigiablu.it\/consenso-scienza-cosa-dice-cambiamento-climatico\/\">responsabile della crisi climatica<\/a>, n\u00e9 che l\u2019innalzamento delle temperature debba preoccuparci. \u00abNuovo studio: fa caldo perch\u00e9 \u00e8 estate\u00bb, \u00e8 il commento del sito web Byoblu.<\/p>\n\n\n\n<div class=\"wp-block-image\"><figure class=\"aligncenter size-full is-resized\"><img decoding=\"async\" src=\"https:\/\/www.idmo.it\/wp-content\/uploads\/2023\/07\/Screenshot-2023-07-14-122807.png\" alt=\"\" class=\"wp-image-183578\" width=\"453\" height=\"214\" srcset=\"https:\/\/www.idmo.it\/wp-content\/uploads\/2023\/07\/Screenshot-2023-07-14-122807.png 664w, https:\/\/www.idmo.it\/wp-content\/uploads\/2023\/07\/Screenshot-2023-07-14-122807-300x142.png 300w, https:\/\/www.idmo.it\/wp-content\/uploads\/2023\/07\/Screenshot-2023-07-14-122807-24x11.png 24w, https:\/\/www.idmo.it\/wp-content\/uploads\/2023\/07\/Screenshot-2023-07-14-122807-36x17.png 36w, https:\/\/www.idmo.it\/wp-content\/uploads\/2023\/07\/Screenshot-2023-07-14-122807-48x23.png 48w\" sizes=\"(max-width: 453px) 100vw, 453px\" \/><\/figure><\/div>\n\n\n\n<p>Anche l\u2019aumento delle temperature viene messo in discussione. Sui social si \u00e8 diffusa la voce secondo cui non sarebbe il caldo ad essere insolito: \u00abRicordatevi che la sola anomalia \u00e8 che si parli di temperature prese al suolo\u00bb. Secondo questa teoria, i giornali starebbero riportando delle misurazioni differenti da quelle tradizionali per alimentare una narrazione allarmista sul clima. In particolare la stampa farebbe riferimento alla temperatura al suolo, ovvero il calore della superficie terrestre al tatto, e non a quella dell\u2019aria in uso per le previsioni meteo. Quest\u2019ultima si rileva a due metri di altezza e all\u2019ombra.<\/p>\n\n\n\n<p>Il complotto ha preso piede dopo che <a href=\"https:\/\/www.infodata.ilsole24ore.com\/2023\/07\/15\/la-temperatura-al-suolo-ha-superato-47-gradi-in-sicilia-e-puglia\/\">il Sole 24 Ore<\/a> ha pubblicato un articolo sulla temperatura superficiale in Italia, registrata dall\u2019ESA grazie al satellite Sentinel-3. Da allora i negazionisti sostengono che ogni temperatura comparsa sui giornali sia stata misurata al suolo. Non esistono evidenze a sostegno di questa tesi, mentre i pochi articoli che fanno riferimento alla temperatura superficiale specificano la <a href=\"https:\/\/meteo.corriere.it\/news\/23_luglio_13\/caldo-temperatura-suolo-sull-etna-raggiunti-47-gradi-spagna-60-923bc522-2161-11ee-9198-c4684ec34a4c.shtml?refresh_ce\">differenza di rilevazione rispetto al calore dell\u2019aria.<\/a><\/p>\n\n\n\n<div class=\"wp-block-image\"><figure class=\"aligncenter size-large is-resized\"><img decoding=\"async\" src=\"https:\/\/www.idmo.it\/wp-content\/uploads\/2023\/07\/Progetto-senza-titolo-5-1024x995.png\" alt=\"\" class=\"wp-image-183577\" width=\"502\" height=\"488\" srcset=\"https:\/\/www.idmo.it\/wp-content\/uploads\/2023\/07\/Progetto-senza-titolo-5-1024x995.png 1024w, https:\/\/www.idmo.it\/wp-content\/uploads\/2023\/07\/Progetto-senza-titolo-5-300x291.png 300w, https:\/\/www.idmo.it\/wp-content\/uploads\/2023\/07\/Progetto-senza-titolo-5-768x746.png 768w, https:\/\/www.idmo.it\/wp-content\/uploads\/2023\/07\/Progetto-senza-titolo-5-1536x1492.png 1536w, https:\/\/www.idmo.it\/wp-content\/uploads\/2023\/07\/Progetto-senza-titolo-5-24x24.png 24w, https:\/\/www.idmo.it\/wp-content\/uploads\/2023\/07\/Progetto-senza-titolo-5-36x36.png 36w, https:\/\/www.idmo.it\/wp-content\/uploads\/2023\/07\/Progetto-senza-titolo-5-48x48.png 48w, https:\/\/www.idmo.it\/wp-content\/uploads\/2023\/07\/Progetto-senza-titolo-5.png 1776w\" sizes=\"(max-width: 502px) 100vw, 502px\" \/><\/figure><\/div>\n\n\n\n<h2 class=\"wp-block-heading\"><strong>L\u2019intreccio novax e il \u201cGrande Reset\u201d<\/strong><\/h2>\n\n\n\n<p>Spesso i negazionisti del riscaldamento globale promuovono anche tesi novax. Le due tematiche sono molto vicine, perch\u00e9 accomunate da un forte sentimento antiscientifico. Ad esempio si \u00e8 diffusa la teoria secondo cui i colpi di calore sarebbero in realt\u00e0 malori improvvisi causati dai vaccini. L\u2019obiettivo di questa narrazione \u00e8 negare la principale causa di morte connessa alle alte temperature e incolpare i vaccini delle vittime del caldo. Infatti i <em>disinfluencer<\/em> sostengono che, dall\u2019inizio della pandemia da Covid-19, i numeri ufficiali di mortalit\u00e0 vengano falsificati per terrorizzare le persone.<\/p>\n\n\n\n<figure class=\"wp-block-gallery columns-2 is-cropped wp-block-gallery-1 is-layout-flex wp-block-gallery-is-layout-flex\"><ul class=\"blocks-gallery-grid\"><li class=\"blocks-gallery-item\"><figure><img loading=\"lazy\" decoding=\"async\" width=\"952\" height=\"433\" src=\"https:\/\/www.idmo.it\/wp-content\/uploads\/2023\/07\/Progetto-senza-titolo-9-e1689756610686.png\" alt=\"\" data-id=\"183573\" data-link=\"https:\/\/www.idmo.it\/?attachment_id=183573\" class=\"wp-image-183573\" srcset=\"https:\/\/www.idmo.it\/wp-content\/uploads\/2023\/07\/Progetto-senza-titolo-9-e1689756610686.png 952w, https:\/\/www.idmo.it\/wp-content\/uploads\/2023\/07\/Progetto-senza-titolo-9-e1689756610686-300x136.png 300w, https:\/\/www.idmo.it\/wp-content\/uploads\/2023\/07\/Progetto-senza-titolo-9-e1689756610686-768x349.png 768w, https:\/\/www.idmo.it\/wp-content\/uploads\/2023\/07\/Progetto-senza-titolo-9-e1689756610686-24x11.png 24w, https:\/\/www.idmo.it\/wp-content\/uploads\/2023\/07\/Progetto-senza-titolo-9-e1689756610686-36x16.png 36w, https:\/\/www.idmo.it\/wp-content\/uploads\/2023\/07\/Progetto-senza-titolo-9-e1689756610686-48x22.png 48w\" sizes=\"(max-width: 952px) 100vw, 952px\" \/><\/figure><\/li><li class=\"blocks-gallery-item\"><figure><img loading=\"lazy\" decoding=\"async\" width=\"1024\" height=\"440\" src=\"https:\/\/www.idmo.it\/wp-content\/uploads\/2023\/07\/Progetto-senza-titolo-10-1024x440.png\" alt=\"\" data-id=\"183581\" data-full-url=\"https:\/\/www.idmo.it\/wp-content\/uploads\/2023\/07\/Progetto-senza-titolo-10.png\" data-link=\"https:\/\/www.idmo.it\/?attachment_id=183581\" class=\"wp-image-183581\" srcset=\"https:\/\/www.idmo.it\/wp-content\/uploads\/2023\/07\/Progetto-senza-titolo-10-1024x440.png 1024w, https:\/\/www.idmo.it\/wp-content\/uploads\/2023\/07\/Progetto-senza-titolo-10-300x129.png 300w, https:\/\/www.idmo.it\/wp-content\/uploads\/2023\/07\/Progetto-senza-titolo-10-768x330.png 768w, https:\/\/www.idmo.it\/wp-content\/uploads\/2023\/07\/Progetto-senza-titolo-10-24x10.png 24w, https:\/\/www.idmo.it\/wp-content\/uploads\/2023\/07\/Progetto-senza-titolo-10-36x15.png 36w, https:\/\/www.idmo.it\/wp-content\/uploads\/2023\/07\/Progetto-senza-titolo-10-48x21.png 48w, https:\/\/www.idmo.it\/wp-content\/uploads\/2023\/07\/Progetto-senza-titolo-10.png 1367w\" sizes=\"(max-width: 1024px) 100vw, 1024px\" \/><\/figure><\/li><\/ul><\/figure>\n\n\n\n<p>I punti di contatto tra le campagne di disinformazione sul clima e sui vaccini gettano luce su un complotto pi\u00f9 grande. Si tratta del <a href=\"https:\/\/facta.news\/storie\/2020\/12\/09\/il-grande-reset-la-teoria-del-complotto-sul-mondo-post-covid-e-i-poteri-forti\/#:~:text=A%20maggio%202020%20il%20World,la%20ripresa%20economica%20post%2Dpandemia.\">Grande Reset<\/a>, teoria nata nel 2020 che continua ad avere successo nei gruppi cospirazionisti. Il nome nasce da un\u2019iniziativa del World Economic Forum per promuovere una discussione internazionale sulle grandi sfide di oggi: la ripresa economica post-pandemia e la crisi climatica. \u201cThe Great Reset\u201d era il tema Forum di Davos 2021, dove i leader mondiali intendevano pianificare una crescita economica sostenibile e nuove relazioni internazionali.&nbsp;<\/p>\n\n\n\n<p>Nella narrazione complottista, il Grande Reset sarebbe un piano ordito dal WEF per controllare il mondo. A partire dalla pandemia, scatenata di proposito con un virus creato in laboratorio, il WEF starebbe usando i media internazionali per diffondere il terrore con emergenze create a tavolino. Dopo l\u2019emergenza Covid-19, ingigantita con numeri falsificati sulle vittime, adesso l\u2019allarme sul riscaldamento globale servirebbe a imporre nuove politiche autoritarie.<\/p>\n\n\n\n<div class=\"wp-block-image\"><figure class=\"aligncenter size-large is-resized\"><img loading=\"lazy\" decoding=\"async\" src=\"https:\/\/www.idmo.it\/wp-content\/uploads\/2023\/07\/Progetto-senza-titolo-7-891x1024.png\" alt=\"\" class=\"wp-image-183575\" width=\"428\" height=\"492\" srcset=\"https:\/\/www.idmo.it\/wp-content\/uploads\/2023\/07\/Progetto-senza-titolo-7-891x1024.png 891w, https:\/\/www.idmo.it\/wp-content\/uploads\/2023\/07\/Progetto-senza-titolo-7-261x300.png 261w, https:\/\/www.idmo.it\/wp-content\/uploads\/2023\/07\/Progetto-senza-titolo-7-768x882.png 768w, https:\/\/www.idmo.it\/wp-content\/uploads\/2023\/07\/Progetto-senza-titolo-7-1337x1536.png 1337w, https:\/\/www.idmo.it\/wp-content\/uploads\/2023\/07\/Progetto-senza-titolo-7-21x24.png 21w, https:\/\/www.idmo.it\/wp-content\/uploads\/2023\/07\/Progetto-senza-titolo-7-31x36.png 31w, https:\/\/www.idmo.it\/wp-content\/uploads\/2023\/07\/Progetto-senza-titolo-7-42x48.png 42w, https:\/\/www.idmo.it\/wp-content\/uploads\/2023\/07\/Progetto-senza-titolo-7.png 1459w\" sizes=\"(max-width: 428px) 100vw, 428px\" \/><\/figure><\/div>\n\n\n\n<p>Questa trama, inventata dagli influencer di estrema destra americana, \u00e8 sbarcata da tempo in Italia. Ad esempio, un servizio del sito Dentro la Notizia sostiene che la transizione ecologica servirebbe a distruggere le aziende agrarie e aumentare la crisi alimentare. L\u2019obiettivo del WEF sarebbe sterminare per fame la popolazione umana, cos\u00ec da far durare pi\u00f9 a lungo le risorse naturali limitate \u00aba uso esclusivo di un\u2019\u00e9lite\u00bb. I sopravvissuti verrebbero poi usati come \u00abschiavi transumani\u00bb, attraverso la fusione del loro corpo con parti robotiche e intelligenze artificiali. Per quanto assurda, questa teoria continua a trovare consenso sui social.\u00a0<\/p>\n\n\n\n<p><strong>Report di Michelangelo Gennaro, Research Assistant\u00a0<a href=\"https:\/\/datalab.luiss.it\/\" target=\"_blank\" rel=\"noreferrer noopener\">Luiss Data Lab<\/a>.<\/strong><\/p>\n","protected":false},"excerpt":{"rendered":"<p>Sui social i negazionisti climatici hanno accusato l&#8217;UE di finanziare studi falsi e i giornali di fare allarmismo sul riscaldamento globale, rilanciando il complotto del &#8220;Grande Reset&#8221;<\/p>\n","protected":false},"author":132,"featured_media":183584,"comment_status":"closed","ping_status":"closed","sticky":false,"template":"","format":"standard","meta":{"_acf_changed":false,"footnotes":""},"categories":[2648],"tags":[3443,4862,4870,748,4836,4752,404,1418,4569,1620,3891,4867,4863,4568,4869,3117,4592,4868,4866,4865,1290,4864],"class_list":["post-183572","post","type-post","status-publish","format-standard","has-post-thumbnail","hentry","category-storie","tag-ambiente","tag-caldo","tag-calore","tag-clima","tag-complotti","tag-complottismo","tag-crisi-climatica","tag-disinformazione","tag-edmo","tag-emergenza","tag-fakenews-2","tag-gradi","tag-grande-reset","tag-idmo","tag-nature","tag-negazionismo","tag-novax","tag-riscaldamento-globale","tag-temperatura","tag-temperatura-al-suolo","tag-vaccini","tag-wef"],"acf":{"share_this_post_to_edmo_website":false,"type_of_post":false,"options_for_news_post":{"":""},"options_for_event_post":{"event_start_date":null,"event_end_date":null,"event_location":"","event_programme":""},"options_for_report_post":{"post_author":"","report_type":false,"report_pdf_link":""},"options_for_investigation_post":{"post_author":""},"affiliation":false},"_links":{"self":[{"href":"https:\/\/www.idmo.it\/en\/wp-json\/wp\/v2\/posts\/183572","targetHints":{"allow":["GET"]}}],"collection":[{"href":"https:\/\/www.idmo.it\/en\/wp-json\/wp\/v2\/posts"}],"about":[{"href":"https:\/\/www.idmo.it\/en\/wp-json\/wp\/v2\/types\/post"}],"author":[{"embeddable":true,"href":"https:\/\/www.idmo.it\/en\/wp-json\/wp\/v2\/users\/132"}],"replies":[{"embeddable":true,"href":"https:\/\/www.idmo.it\/en\/wp-json\/wp\/v2\/comments?post=183572"}],"version-history":[{"count":1,"href":"https:\/\/www.idmo.it\/en\/wp-json\/wp\/v2\/posts\/183572\/revisions"}],"predecessor-version":[{"id":183590,"href":"https:\/\/www.idmo.it\/en\/wp-json\/wp\/v2\/posts\/183572\/revisions\/183590"}],"wp:featuredmedia":[{"embeddable":true,"href":"https:\/\/www.idmo.it\/en\/wp-json\/wp\/v2\/media\/183584"}],"wp:attachment":[{"href":"https:\/\/www.idmo.it\/en\/wp-json\/wp\/v2\/media?parent=183572"}],"wp:term":[{"taxonomy":"category","embeddable":true,"href":"https:\/\/www.idmo.it\/en\/wp-json\/wp\/v2\/categories?post=183572"},{"taxonomy":"post_tag","embeddable":true,"href":"https:\/\/www.idmo.it\/en\/wp-json\/wp\/v2\/tags?post=183572"}],"curies":[{"name":"wp","href":"https:\/\/api.w.org\/{rel}","templated":true}]}}