{"id":183323,"date":"2023-04-18T11:09:08","date_gmt":"2023-04-18T09:09:08","guid":{"rendered":"https:\/\/www.idmo.it\/?p=183323"},"modified":"2023-04-18T12:05:53","modified_gmt":"2023-04-18T10:05:53","slug":"lerrore-di-macron-e-il-medio-oriente-secondo-nathalie-tocci-guerra-ibrida-ep-5","status":"publish","type":"post","link":"https:\/\/www.idmo.it\/en\/2023\/04\/18\/lerrore-di-macron-e-il-medio-oriente-secondo-nathalie-tocci-guerra-ibrida-ep-5\/","title":{"rendered":"L&#8217;errore di Macron e il Medio Oriente secondo Nathalie Tocci &#8211; Guerra Ibrida Ep. 5"},"content":{"rendered":"\n<p><a class=\"spreaker-player\" href=\"https:\/\/www.spreaker.com\/episode\/53559670\" data-resource=\"episode_id=53559670\" data-width=\"100%\" data-height=\"200px\" data-theme=\"light\" data-playlist=\"false\" data-playlist-continuous=\"false\" data-chapters-image=\"true\" data-episode-image-position=\"right\" data-hide-logo=\"false\" data-hide-likes=\"false\" data-hide-comments=\"false\" data-hide-sharing=\"false\" data-hide-download=\"true\">Ascolta &#8220;L&#8217;errore di Macron e il Medio Oriente secondo Nathalie Tocci, direttrice IAI&#8221; su Spreaker.<\/a><script async=\"\" src=\"https:\/\/widget.spreaker.com\/widgets.js\"><\/script><\/p><p><\/p>\n\n\n\n<p>Nell&#8217;ultima puntata di <a href=\"https:\/\/www.idmo.it\/tag\/podcast\/\">Guerra Ibrida<\/a>, parliamo di alcuni temi caldi di politica internazionale e del loro rapporto con il conflitto in Ucraina. A partire dalla scelta di Arabia Saudita, Russia e degli altri paesi dell&#8217;Opec+, che hanno annunciato un taglio nella produzione giornaliera di petrolio da un milione di barili. Il prezzo del greggio \u00e8 tornato a salire: strategia finanziaria o colpo diretto all&#8217;Occidente? Secondo Nathalie Tocci, direttrice dell&#8217;Istituto Affari Internazionali e quinto ospite del podcast, la mossa dell&#8217;Opec+ si lega all&#8217;influenza che la Cina ha acquisito in Medio Oriente. Occhio per\u00f2 a sottovalutare il lato economico della questione.<\/p>\n\n\n\n<p>La professoressa ha anche commentato le dichiarazioni di Emmanuel Macron sull&#8217;autonomia strategica europea. Di ritorno dalla visita ufficiale a Pechino, il presidente francese ha esortato l&#8217;Europa a non essere &#8220;vassalla&#8221; di Stati Uniti e Cina. Parole che Tocci non ritiene del tutto sbagliate, ma che sono state pronunciate nel modo e nel momento peggiore, viste le tensioni nel Pacifico per le esercitazioni militari cinesi intorno all&#8217;isola di Taiwan. Macron, in cerca di nuova credibilit\u00e0 politica dopo la baraonda di contestazioni in Francia, ha incassato anche un netto rifiuto dalla Russia: \u00abParigi difficilmente pu\u00f2 rivendicare il ruolo di mediatore perch\u00e9 \u00e8 schierata con una delle parti in conflitto\u00bb ha detto il portavoce del Cremlino Dmitry Peskov il 10 aprile. Quali sono le alternative per dei negoziati in Ucraina? <\/p>\n\n\n\n<p>Rispondiamo a questa e altre domande nel nuovo episodio del podcast realizzato da Michelangelo Gennaro, assistente alla ricerca del Luiss Data Lab. Guerra Ibrida \u00e8 anche su <a href=\"https:\/\/open.spotify.com\/show\/5F6cO5FBhPDh3GklxlpHOe?si=fca3cf6920a743bd\">Spotify<\/a>!    <\/p>\n\n\n\n<p> <\/p>\n","protected":false},"excerpt":{"rendered":"<p>L&#8217;Opec+ alza i prezzi del petrolio e Macron chiede autonomia dell&#8217;Europa dagli Stati Uniti. Come cambiano gli equilibri internazionali? Ne parliamo con la direttrice dell&#8217;Istituto Affari Internazionali, Nathalie Tocci<\/p>\n","protected":false},"author":132,"featured_media":183328,"comment_status":"closed","ping_status":"closed","sticky":false,"template":"","format":"standard","meta":{"_acf_changed":false,"footnotes":""},"categories":[4583],"tags":[3254,2867,412,1418,754,4841,4568,1339,827,4845,4843,3253,73,561,4652,217,287,3008,4600,4842],"class_list":["post-183323","post","type-post","status-publish","format-standard","has-post-thumbnail","hentry","category-podcast","tag-arabia-saudita","tag-biden","tag-cina","tag-disinformazione","tag-francia","tag-guerra-ibrida","tag-idmo","tag-istituto-affari-internazionali","tag-macron","tag-nathalie-tocci","tag-opec","tag-petrolio","tag-podcast","tag-politica","tag-propaganda","tag-russia","tag-stati-uniti","tag-taiwan","tag-ucraina","tag-xi-jinpuing"],"acf":{"share_this_post_to_edmo_website":false,"type_of_post":false,"options_for_news_post":{"":""},"options_for_event_post":{"event_start_date":null,"event_end_date":null,"event_location":"","event_programme":""},"options_for_report_post":{"post_author":"","report_type":false,"report_pdf_link":""},"options_for_investigation_post":{"post_author":""},"affiliation":false},"_links":{"self":[{"href":"https:\/\/www.idmo.it\/en\/wp-json\/wp\/v2\/posts\/183323","targetHints":{"allow":["GET"]}}],"collection":[{"href":"https:\/\/www.idmo.it\/en\/wp-json\/wp\/v2\/posts"}],"about":[{"href":"https:\/\/www.idmo.it\/en\/wp-json\/wp\/v2\/types\/post"}],"author":[{"embeddable":true,"href":"https:\/\/www.idmo.it\/en\/wp-json\/wp\/v2\/users\/132"}],"replies":[{"embeddable":true,"href":"https:\/\/www.idmo.it\/en\/wp-json\/wp\/v2\/comments?post=183323"}],"version-history":[{"count":2,"href":"https:\/\/www.idmo.it\/en\/wp-json\/wp\/v2\/posts\/183323\/revisions"}],"predecessor-version":[{"id":186491,"href":"https:\/\/www.idmo.it\/en\/wp-json\/wp\/v2\/posts\/183323\/revisions\/186491"}],"wp:featuredmedia":[{"embeddable":true,"href":"https:\/\/www.idmo.it\/en\/wp-json\/wp\/v2\/media\/183328"}],"wp:attachment":[{"href":"https:\/\/www.idmo.it\/en\/wp-json\/wp\/v2\/media?parent=183323"}],"wp:term":[{"taxonomy":"category","embeddable":true,"href":"https:\/\/www.idmo.it\/en\/wp-json\/wp\/v2\/categories?post=183323"},{"taxonomy":"post_tag","embeddable":true,"href":"https:\/\/www.idmo.it\/en\/wp-json\/wp\/v2\/tags?post=183323"}],"curies":[{"name":"wp","href":"https:\/\/api.w.org\/{rel}","templated":true}]}}