{"id":183135,"date":"2023-03-01T10:26:47","date_gmt":"2023-03-01T09:26:47","guid":{"rendered":"https:\/\/www.idmo.it\/?p=183135"},"modified":"2023-03-10T07:49:54","modified_gmt":"2023-03-10T06:49:54","slug":"idmo-365","status":"publish","type":"post","link":"https:\/\/www.idmo.it\/en\/2023\/03\/01\/idmo-365\/","title":{"rendered":"IDMO 365: Reshaping Infosphere &#8211; 10 marzo 2023"},"content":{"rendered":"\n<p><strong>Per registrarti <a aria-label=\"undefined (apri in una nuova scheda)\" href=\"https:\/\/luiss.formstack.com\/forms\/idmo_reshaping_infosphere\" target=\"_blank\" rel=\"noreferrer noopener\">CLICCA QUI<\/a> <\/strong><\/p>\n\n\n\n<p>Il 10 marzo 2023 dalle 10:00 alle 13:00 si terr\u00e0 <strong>IDMO 365: reshaping infosphere <\/strong>l&#8217;evento annuale dell&#8217;Italian Digital Media Observatory presso l&#8217;Aula Magna Mario Arcelli del Campus Luiss di Viale Pola 12 a Roma. <\/p>\n\n\n\n<p>Un evento che ripercorrer\u00e0 le attivit\u00e0 dell&#8217;Osservatorio nella <a aria-label=\"undefined (apri in una nuova scheda)\" href=\"https:\/\/www.idmo.it\/2022\/11\/15\/fake-news-pillole-rai\/\" target=\"_blank\" rel=\"noreferrer noopener\">lotta<\/a> alla disinformazione online e che coprir\u00e0 una vasta gamma di argomenti, tra cui le tendenze nella diffusione della disinformazione, le strategie per contrastarla e le nuove tecnologie e strumenti per l&#8217;analisi dei dati. L&#8217;Italian Digital Media Observatory \u00e8 coordinato dal Luiss Data Lab, diretto da Gianni Riotta, che organizza l&#8217;incontro in collaborazione con i partner Tim, Rai, Gruppo GEDI, Pagella Politica, Newsguard, Universit\u00e0 di Roma Tor Vergata, T6 Ecosystems. Ci sar\u00e0 anche un focus sul ruolo dei media tradizionali nella lotta alle bufale e sulle sfide future.<\/p>\n\n\n\n<p>Tra gli ospiti: <\/p>\n\n\n\n<p>&#8211; <strong>Antonio Gullo<\/strong>, Prorettore per la didattica<strong>, Universit\u00e0 Luiss Guido Carli<\/strong><\/p>\n\n\n\n<p>&#8211; <strong>Marco Minniti<\/strong>, Presidente della <strong>Fondazione Leonardo Med-Or<\/strong><\/p>\n\n\n\n<p>&#8211; <strong>Alberto Barachini<\/strong>, Sottosegretario alla Presidenza del Consiglio con delega all\u2019informazione e all\u2019editoria<\/p>\n\n\n\n<p>&#8211; <strong>Chlo\u00e9 Fiodiere<\/strong>, Development Manager Journalism Trust Initiative <strong>Reporters Sans Fronti\u00e8res<\/strong><\/p>\n\n\n\n<p>&#8211; <strong>Gianni Riotta<\/strong>, Direttore Data Lab e Master in Giornalismo e Comunicazione Multimediale, <strong>Universit\u00e0 Luiss Guido Carli<\/strong><\/p>\n\n\n\n<p>&#8211; <strong>Giacomo Lasorella<\/strong>, Presidente <strong>AGCOM<\/strong><\/p>\n\n\n\n<p>&#8211; <strong>Caterina Stagno<\/strong>, Responsabile <strong>Rai<\/strong> <strong>Contenuti Digitali 2<\/strong><\/p>\n\n\n\n<p>&#8211; <strong>Simona de Rosa<\/strong>, Co-founder T6 Ecosystem<\/p>\n\n\n\n<p>&#8211; <strong><strong>Angelo Mazzetti,&nbsp;<\/strong><\/strong>Responsabile relazioni istituzionali&nbsp;<strong><strong>di Meta Italia, Grecia, Malta e Cipro<\/strong><\/strong><\/p>\n\n\n\n<p>&#8211; <strong>Gianluca&nbsp; Di Feo<\/strong>, Vicedirettore de <strong>La Repubblica<\/strong><\/p>\n\n\n\n<p>&#8211; <strong>Clara Fabiola Oliva<\/strong>, responsabile di Quality, Research &amp; Data Learning <strong>TIM<\/strong><\/p>\n\n\n\n<p>&#8211; <strong>Carmen Criminisi<\/strong>, Service Innovation Engineer <strong>TIM<\/strong><\/p>\n\n\n\n<p>&#8211; <strong>Alessandra Pratesi<\/strong>, Ufficio Studi <strong>Rai<\/strong><\/p>\n\n\n\n<p>&#8211; <strong>Tommaso Canetta<\/strong>, Vicedirettore <strong>Pagella Politica<\/strong><\/p>\n\n\n\n<p>&#8211; <strong>Giulia Pozzi<\/strong>, Analyst <strong>NewsGuard Tech<\/strong><\/p>\n\n\n\n<p>&#8211; <strong>Emiliana De Blasio<\/strong>, Advisor del Rettore per Diversity &amp; Inclusion, <strong>Universit\u00e0 Luiss Guido Carli<\/strong><\/p>\n\n\n\n<h3 class=\"wp-block-heading\">Per registrarti <a aria-label=\"undefined (apri in una nuova scheda)\" href=\"https:\/\/luiss.formstack.com\/forms\/idmo_reshaping_infosphere\" target=\"_blank\" rel=\"noreferrer noopener\">CLICCA QUI<\/a><\/h3>\n\n\n\n<h3 class=\"wp-block-heading\"><strong>Segui l&#8217;evento online <a href=\"https:\/\/luiss.webex.com\/weblink\/register\/r7bac44a51ef9e2cb82e14bbc4d529ef1\" target=\"_blank\" aria-label=\"undefined (apri in una nuova scheda)\" rel=\"noreferrer noopener\">QUI<\/a><\/strong><\/h3>\n\n\n\n<p><\/p>\n","protected":false},"excerpt":{"rendered":"<p>Per registrarti CLICCA QUI Il 10 marzo 2023 dalle 10:00 alle 13:00 si terr\u00e0 IDMO 365: reshaping infosphere l&#8217;evento annuale dell&#8217;Italian Digital Media Observatory presso l&#8217;Aula Magna Mario Arcelli del Campus Luiss di Viale Pola 12 a Roma. Un evento che ripercorrer\u00e0 le attivit\u00e0 dell&#8217;Osservatorio nella lotta alla disinformazione online e che coprir\u00e0 una vasta [&hellip;]<\/p>\n","protected":false},"author":132,"featured_media":183143,"comment_status":"closed","ping_status":"closed","sticky":false,"template":"","format":"standard","meta":{"_acf_changed":false,"footnotes":""},"categories":[2574],"tags":[],"class_list":["post-183135","post","type-post","status-publish","format-standard","has-post-thumbnail","hentry","category-eventi"],"acf":{"share_this_post_to_edmo_website":false,"type_of_post":false,"options_for_news_post":{"":""},"options_for_event_post":{"event_start_date":null,"event_end_date":null,"event_location":"","event_programme":""},"options_for_report_post":{"post_author":"","report_type":false,"report_pdf_link":""},"options_for_investigation_post":{"post_author":""},"affiliation":false},"_links":{"self":[{"href":"https:\/\/www.idmo.it\/en\/wp-json\/wp\/v2\/posts\/183135","targetHints":{"allow":["GET"]}}],"collection":[{"href":"https:\/\/www.idmo.it\/en\/wp-json\/wp\/v2\/posts"}],"about":[{"href":"https:\/\/www.idmo.it\/en\/wp-json\/wp\/v2\/types\/post"}],"author":[{"embeddable":true,"href":"https:\/\/www.idmo.it\/en\/wp-json\/wp\/v2\/users\/132"}],"replies":[{"embeddable":true,"href":"https:\/\/www.idmo.it\/en\/wp-json\/wp\/v2\/comments?post=183135"}],"version-history":[{"count":1,"href":"https:\/\/www.idmo.it\/en\/wp-json\/wp\/v2\/posts\/183135\/revisions"}],"predecessor-version":[{"id":183179,"href":"https:\/\/www.idmo.it\/en\/wp-json\/wp\/v2\/posts\/183135\/revisions\/183179"}],"wp:featuredmedia":[{"embeddable":true,"href":"https:\/\/www.idmo.it\/en\/wp-json\/wp\/v2\/media\/183143"}],"wp:attachment":[{"href":"https:\/\/www.idmo.it\/en\/wp-json\/wp\/v2\/media?parent=183135"}],"wp:term":[{"taxonomy":"category","embeddable":true,"href":"https:\/\/www.idmo.it\/en\/wp-json\/wp\/v2\/categories?post=183135"},{"taxonomy":"post_tag","embeddable":true,"href":"https:\/\/www.idmo.it\/en\/wp-json\/wp\/v2\/tags?post=183135"}],"curies":[{"name":"wp","href":"https:\/\/api.w.org\/{rel}","templated":true}]}}