{"id":182885,"date":"2023-01-23T11:18:21","date_gmt":"2023-01-23T10:18:21","guid":{"rendered":"https:\/\/www.idmo.it\/?p=182885"},"modified":"2024-04-18T12:35:10","modified_gmt":"2024-04-18T10:35:10","slug":"le-cospirazioni-sullo-schianto-in-elicottero-del-ministro-monastyrskyi","status":"publish","type":"post","link":"https:\/\/www.idmo.it\/en\/2023\/01\/23\/le-cospirazioni-sullo-schianto-in-elicottero-del-ministro-monastyrskyi\/","title":{"rendered":"Le cospirazioni sullo schianto in elicottero del ministro Monastyrskyi"},"content":{"rendered":"\n<p>\u00abKarma is a bitch\u00bb. Cos\u00ec un utente su Twitter ha esultato per la morte del ministro dell\u2019Interno ucraino, Denys Monastyrskyi, vittima dello schianto del suo elicottero su un asilo nido a Brovary. La notizia del <a href=\"https:\/\/www.ansa.it\/sito\/notizie\/mondo\/2023\/01\/18\/ucraina-cade-elicottero-vicino-a-kiev-16-le-vittime-anche-il-ministro-dellinterno_1faea3e4-ef3b-49eb-87c9-270bab0235b4.html\">disastro aereo<\/a> \u00e8 stata accolta con gioia dai sostenitori italiani di Putin, che hanno condiviso sui social un\u2019intervista risalente a giugno, quando Monastyrskyi augurava al presidente russo di morire presto per mettere fine alla guerra.<\/p>\n\n\n\n<p>Oltre a rallegrarsi per una tragedia in cui sono morte 14 persone &#8211; compreso il vice ministro Evgeny Yenin, il segretario di Stato degli Affari interni e un bambino della scuola &#8211; gli account filorussi hanno diffuso teorie infondate sulle dinamiche dell\u2019incidente. Mentre le autorit\u00e0 ucraine parlavano di un possibile sabotaggio, guasto tecnico o errore umano, sul web non sono mancate congetture su operazioni sotto falsa bandiera, congiure e lotte di potere tra Zelensky e i suoi collaboratori pi\u00f9 stretti.<\/p>\n\n\n\n<div class=\"wp-block-image\"><figure class=\"aligncenter size-full is-resized\"><img fetchpriority=\"high\" decoding=\"async\" src=\"https:\/\/www.idmo.it\/wp-content\/uploads\/2023\/01\/good-2.png\" alt=\"\" class=\"wp-image-182894\" width=\"395\" height=\"419\" srcset=\"https:\/\/www.idmo.it\/wp-content\/uploads\/2023\/01\/good-2.png 954w, https:\/\/www.idmo.it\/wp-content\/uploads\/2023\/01\/good-2-282x300.png 282w, https:\/\/www.idmo.it\/wp-content\/uploads\/2023\/01\/good-2-768x816.png 768w, https:\/\/www.idmo.it\/wp-content\/uploads\/2023\/01\/good-2-24x24.png 24w, https:\/\/www.idmo.it\/wp-content\/uploads\/2023\/01\/good-2-34x36.png 34w, https:\/\/www.idmo.it\/wp-content\/uploads\/2023\/01\/good-2-45x48.png 45w\" sizes=\"(max-width: 395px) 100vw, 395px\" \/><\/figure><\/div>\n\n\n\n<h2 class=\"wp-block-heading\"><strong>Fuoco amico sull\u2019elicottero del ministro? Il complotto della contraerea<\/strong><\/h2>\n\n\n\n<p>La teoria pi\u00f9 diffusa su Twitter descrive l\u2019accaduto come un drammatico errore: l\u2019elicottero che trasportava Monastyrskyi sarebbe stato abbattuto dalla contraerea ucraina. Alcuni utenti hanno dato per certa la versione del fuoco amico, senza risparmiare commenti di gelida ironia: \u00abChe i soldati [ucraini] stiano cominciando a capire dove devono sparare per fermare la guerra? #Speriamo\u00bb. Tuttavia i <a href=\"https:\/\/www.ilmattino.it\/primopiano\/esteri\/guerra_ucraina_russia_bombe_soledar_ultime_notizie-7175489.html#update-7206?refresh_ce\">testimoni oculari<\/a> hanno parlato di un\u2019esplosione a bordo dell\u2019elicottero, senza menzionare alcun missile, e anche le indagini di Kiev sembrano escludere un colpo a distanza contro il velivolo.<\/p>\n\n\n\n<div class=\"wp-block-image\"><figure class=\"aligncenter size-large is-resized\"><img decoding=\"async\" src=\"https:\/\/www.idmo.it\/wp-content\/uploads\/2023\/01\/quetta-870x1024.png\" alt=\"\" class=\"wp-image-182887\" width=\"393\" height=\"462\" srcset=\"https:\/\/www.idmo.it\/wp-content\/uploads\/2023\/01\/quetta-870x1024.png 870w, https:\/\/www.idmo.it\/wp-content\/uploads\/2023\/01\/quetta-255x300.png 255w, https:\/\/www.idmo.it\/wp-content\/uploads\/2023\/01\/quetta-768x904.png 768w, https:\/\/www.idmo.it\/wp-content\/uploads\/2023\/01\/quetta-20x24.png 20w, https:\/\/www.idmo.it\/wp-content\/uploads\/2023\/01\/quetta-31x36.png 31w, https:\/\/www.idmo.it\/wp-content\/uploads\/2023\/01\/quetta-41x48.png 41w, https:\/\/www.idmo.it\/wp-content\/uploads\/2023\/01\/quetta.png 948w\" sizes=\"(max-width: 393px) 100vw, 393px\" \/><\/figure><\/div>\n\n\n\n<p>I promotori della fake news ricordano che l\u2019antiaerea ucraina ha gi\u00e0 sbagliato in passato. L\u2019allusione va ai fatti dello scorso <a href=\"https:\/\/www.ansa.it\/sito\/notizie\/mondo\/2022\/11\/16\/usa-missile-in-polonia-ucraino-ma-responsabile-e-russia-_d5e6730d-6b06-44c8-a413-00e25ad57b12.html\">16 novembre<\/a>, quando un missile cadde su un villaggio in Polonia uccidendo due persone. A quella vicenda seguirono i sospetti di un attacco della Russia sul territorio polacco, dunque contro la Nato, e il terrore per un possibile allargamento del conflitto. Timori smentiti dall\u2019identificazione del razzo, lanciato dalla difesa ucraina durante i bombardamenti che martellavano Odessa, Kiev e altri centri abitati, ma caduto per errore fuori dal confine.&nbsp;<\/p>\n\n\n\n<p>Oltre a far tirare un sospiro di sollievo a chi temeva l\u2019escalation militare, la storia del missile in Polonia ha creato un precedente prezioso per la <a href=\"https:\/\/www.idmo.it\/2022\/11\/21\/le-teorie-contro-zelensky-dopo-la-ritirata-russa-di-kherson-e-il-missile-in-polonia\/\">propaganda russa<\/a>. Dall\u2019inizio della guerra, infatti, il Cremlino aveva cercato di incolpare Kiev di ogni massacro commesso dall\u2019esercito invasore contro i civili. Da Mosca, le accuse di false flag ucraini erano arrivate sia per la <a href=\"https:\/\/www.nytimes.com\/2022\/05\/19\/world\/europe\/russia-bucha-ukraine-executions.html\">strage di Bucha<\/a>, che per la distruzione dell\u2019ospedale e del teatro di Mariupol da parte dell\u2019aviazione russa. La disinformazione sui presunti false flag ha ripreso forza proprio dopo l\u2019incidente in Polonia: poich\u00e9 la narrazione sui soldati ucraini che sterminano i loro connazionali non aveva funzionato, sui social si \u00e8 iniziato a dire che li avevano uccisi per sbaglio.<\/p>\n\n\n\n<div class=\"wp-block-image\"><figure class=\"aligncenter size-full is-resized\"><img decoding=\"async\" src=\"https:\/\/www.idmo.it\/wp-content\/uploads\/2023\/01\/lololo-1.png\" alt=\"\" class=\"wp-image-182889\" width=\"414\" height=\"442\" srcset=\"https:\/\/www.idmo.it\/wp-content\/uploads\/2023\/01\/lololo-1.png 958w, https:\/\/www.idmo.it\/wp-content\/uploads\/2023\/01\/lololo-1-281x300.png 281w, https:\/\/www.idmo.it\/wp-content\/uploads\/2023\/01\/lololo-1-768x821.png 768w, https:\/\/www.idmo.it\/wp-content\/uploads\/2023\/01\/lololo-1-22x24.png 22w, https:\/\/www.idmo.it\/wp-content\/uploads\/2023\/01\/lololo-1-34x36.png 34w, https:\/\/www.idmo.it\/wp-content\/uploads\/2023\/01\/lololo-1-45x48.png 45w\" sizes=\"(max-width: 414px) 100vw, 414px\" \/><\/figure><\/div>\n\n\n\n<p>E cos\u00ec \u00e8 stato non solo per lo schianto dell\u2019elicottero a Brovary, ma anche per un\u2019altra pagina nera della guerra scritta pochi giorni prima. Sabato 14 gennaio, un raid russo a Dnipro ha abbattuto un condominio di nove piani, centrato da un missile anti-nave. Nell\u2019attacco sono morte almeno 44 persone. Ancora una volta, il Cremlino ha provato a smarcarsi incolpando il governo di Kiev e la contraerea ucraina.&nbsp;<\/p>\n\n\n\n<p>In questo caso, un aiuto involontario \u00e8 arrivato da uno dei politici pi\u00f9 in vista in Ucraina, Oleksii Arestovych, ormai ex-consigliere dell\u2019Ufficio di presidenza. Infatti, Arestovych ha rassegnato le dimissioni dopo delle dichiarazioni sconsiderate sul condominio di Dnipro. Intervenendo a una trasmissione televisiva, l\u2019uomo ha detto che il missile russo aveva colpito l\u2019abitazione dopo essere stato intercettato e distrutto dalla difesa aerea. Anche se l\u2019entit\u00e0 dei danni e le testimonianze dei sopravvissuti smentiscono questa versione, le parole di Arestovych sono state riportate dagli account social fedeli a Mosca. La rete dei filorussi ha urlato al complotto, accusando Zelensky di mettere a tacere chi dice la verit\u00e0.<\/p>\n\n\n\n<div class=\"wp-block-image\"><figure class=\"aligncenter size-large is-resized\"><img loading=\"lazy\" decoding=\"async\" src=\"https:\/\/www.idmo.it\/wp-content\/uploads\/2023\/01\/good-1-941x1024.png\" alt=\"\" class=\"wp-image-182893\" width=\"427\" height=\"465\" srcset=\"https:\/\/www.idmo.it\/wp-content\/uploads\/2023\/01\/good-1-941x1024.png 941w, https:\/\/www.idmo.it\/wp-content\/uploads\/2023\/01\/good-1-276x300.png 276w, https:\/\/www.idmo.it\/wp-content\/uploads\/2023\/01\/good-1-768x836.png 768w, https:\/\/www.idmo.it\/wp-content\/uploads\/2023\/01\/good-1-22x24.png 22w, https:\/\/www.idmo.it\/wp-content\/uploads\/2023\/01\/good-1-33x36.png 33w, https:\/\/www.idmo.it\/wp-content\/uploads\/2023\/01\/good-1-44x48.png 44w, https:\/\/www.idmo.it\/wp-content\/uploads\/2023\/01\/good-1.png 948w\" sizes=\"(max-width: 427px) 100vw, 427px\" \/><\/figure><\/div>\n\n\n\n<h2 class=\"wp-block-heading\"><strong>Le false congiure nel governo ucraino<\/strong><\/h2>\n\n\n\n<p>I canali Telegram putiniani si sono spinti oltre, inventando una storia avvincente di tradimenti e lotte intestine tra le autorit\u00e0 di Kiev. Anche in questa cospirazione, la responsabilit\u00e0 della morte del ministro Monastyrskyi \u00e8 attribuita all\u2019Ucraina. Non si sarebbe trattato per\u00f2 di un errore. I cospirazionisti non hanno dubbi: l\u2019elicottero \u00e8 stato abbattuto volontariamente. Il racconto \u00e8 cos\u00ec dettagliato da indicare persino l&#8217;arma del delitto, uno \u00abStinger MANPADS\u00bb.<\/p>\n\n\n\n<div class=\"wp-block-image\"><figure class=\"aligncenter size-full is-resized\"><img loading=\"lazy\" decoding=\"async\" src=\"https:\/\/www.idmo.it\/wp-content\/uploads\/2023\/01\/good-3.png\" alt=\"\" class=\"wp-image-182892\" width=\"407\" height=\"466\" srcset=\"https:\/\/www.idmo.it\/wp-content\/uploads\/2023\/01\/good-3.png 892w, https:\/\/www.idmo.it\/wp-content\/uploads\/2023\/01\/good-3-262x300.png 262w, https:\/\/www.idmo.it\/wp-content\/uploads\/2023\/01\/good-3-768x880.png 768w, https:\/\/www.idmo.it\/wp-content\/uploads\/2023\/01\/good-3-21x24.png 21w, https:\/\/www.idmo.it\/wp-content\/uploads\/2023\/01\/good-3-31x36.png 31w, https:\/\/www.idmo.it\/wp-content\/uploads\/2023\/01\/good-3-42x48.png 42w\" sizes=\"(max-width: 407px) 100vw, 407px\" \/><\/figure><\/div>\n\n\n\n<p>Chi ha ordinato il presunto omicidio? Su Telegram girano due versioni differenti. Secondo alcuni, i mandanti sarebbero Arsen Avakov, predecessore di Monastyrskyi al Ministero dell\u2019Interno, e i contrabbandieri di armi che lo spalleggiano. Questi si dovevano sbarazzare di Monastyrskyi, perch\u00e9 si stava opponendo alla vendita illegale di armamenti occidentali verso Paesi terzi. Per quanto esista la possibilit\u00e0 che alcune armi inviate in Ucraina finiscano prima o poi sul mercato nero, rischio segnalato anche da <a href=\"https:\/\/www.washingtonpost.com\/national-security\/2022\/05\/14\/ukraine-weapons-trafficking\/\">Washington Post<\/a> e <a href=\"https:\/\/www.businessinsider.com\/no-sign-of-mass-arms-trafficking-from-ukraine-authorities-say-2022-10?r=US&amp;IR=T\">Business Insider<\/a>, al momento non ci sono prove di commerci illegali, tantomeno di traffici gestiti da politici vicini a Zelensky come Avakov.&nbsp;<\/p>\n\n\n\n<p>La seconda versione incolpa direttamente il presidente ucraino, che avrebbe ordinato l\u2019esecuzione di uno dei suoi pi\u00f9 stretti collaboratori. Il movente \u00e8 ancor pi\u00f9 fantasioso: Monastyrskyi si sarebbe schierato \u00abdalla parte della lobby americana guidata da Zaluzhny\u00bb, capo delle Forze armate ucraine. Infatti, i complottisti sostengono che il generale Zaluzhny sia coinvolto in uno scontro di potere con Zelensky e intrattenga contatti diretti con il Pentagono. La morte del ministro dell\u2019Interno sarebbe dunque un avvertimento diretto dal presidente ucraino al capo dell\u2019esercito, che adesso potrebbe fare la stessa fine.<\/p>\n\n\n\n<p>L\u2019obiettivo di queste cospirazioni \u00e8 mostrare il governo di Kiev come crudele ed eroso da divisioni interne. Ma niente di tutto ci\u00f2 \u00e8 documentato n\u00e9 credibile: dopo undici mesi di guerra, la pi\u00f9 grande forza dell\u2019Ucraina resta la coesione nella resistenza al nemico.<\/p>\n\n\n\n<p><strong>Report di Michelangelo Gennaro, Assistant Researcher Luiss Data Lab.<\/strong><\/p>\n","protected":false},"excerpt":{"rendered":"<p>Su Twitter, i filorussi esultano per la morte del ministro ucraino e incolpano la contraerea dell\u2019incidente. I complottisti su Telegram accusano Zelensky e Avakov di aver ordinato l\u2019omicidio<\/p>\n","protected":false},"author":132,"featured_media":181618,"comment_status":"closed","ping_status":"closed","sticky":false,"template":"","format":"standard","meta":{"_acf_changed":false,"footnotes":""},"categories":[4808],"tags":[4794,4795,4759,4796,3041,1418,502,1419,1319,4758,2792,4792,2185,4652,2186,217,4793,3393,170,4600,4613],"class_list":["post-182885","post","type-post","status-publish","format-standard","has-post-thumbnail","hentry","category-guerra-in-ucraina","tag-asilo","tag-civili","tag-complotto","tag-cospirazione","tag-cremlino","tag-disinformazione","tag-elicottero","tag-fake-news","tag-incidente","tag-kiev","tag-ministro","tag-monastyrskyi","tag-mosca","tag-propaganda","tag-putin","tag-russia","tag-schianto","tag-telegram","tag-twitter-2","tag-ucraina","tag-zelensky"],"acf":{"share_this_post_to_edmo_website":false,"type_of_post":false,"options_for_news_post":{"":""},"options_for_event_post":{"event_start_date":null,"event_end_date":null,"event_location":"","event_programme":""},"options_for_report_post":{"post_author":"","report_type":false,"report_pdf_link":""},"options_for_investigation_post":{"post_author":""},"affiliation":false},"_links":{"self":[{"href":"https:\/\/www.idmo.it\/en\/wp-json\/wp\/v2\/posts\/182885","targetHints":{"allow":["GET"]}}],"collection":[{"href":"https:\/\/www.idmo.it\/en\/wp-json\/wp\/v2\/posts"}],"about":[{"href":"https:\/\/www.idmo.it\/en\/wp-json\/wp\/v2\/types\/post"}],"author":[{"embeddable":true,"href":"https:\/\/www.idmo.it\/en\/wp-json\/wp\/v2\/users\/132"}],"replies":[{"embeddable":true,"href":"https:\/\/www.idmo.it\/en\/wp-json\/wp\/v2\/comments?post=182885"}],"version-history":[{"count":1,"href":"https:\/\/www.idmo.it\/en\/wp-json\/wp\/v2\/posts\/182885\/revisions"}],"predecessor-version":[{"id":182912,"href":"https:\/\/www.idmo.it\/en\/wp-json\/wp\/v2\/posts\/182885\/revisions\/182912"}],"wp:featuredmedia":[{"embeddable":true,"href":"https:\/\/www.idmo.it\/en\/wp-json\/wp\/v2\/media\/181618"}],"wp:attachment":[{"href":"https:\/\/www.idmo.it\/en\/wp-json\/wp\/v2\/media?parent=182885"}],"wp:term":[{"taxonomy":"category","embeddable":true,"href":"https:\/\/www.idmo.it\/en\/wp-json\/wp\/v2\/categories?post=182885"},{"taxonomy":"post_tag","embeddable":true,"href":"https:\/\/www.idmo.it\/en\/wp-json\/wp\/v2\/tags?post=182885"}],"curies":[{"name":"wp","href":"https:\/\/api.w.org\/{rel}","templated":true}]}}