{"id":182296,"date":"2022-09-27T12:05:23","date_gmt":"2022-09-27T10:05:23","guid":{"rendered":"https:\/\/www.idmo.it\/?p=182296"},"modified":"2023-02-15T17:01:59","modified_gmt":"2023-02-15T16:01:59","slug":"la-disinformazione-filorussa-dopo-la-minaccia-atomica-di-putin","status":"publish","type":"post","link":"https:\/\/www.idmo.it\/en\/2022\/09\/27\/la-disinformazione-filorussa-dopo-la-minaccia-atomica-di-putin\/","title":{"rendered":"La disinformazione filorussa dopo la minaccia atomica di Putin"},"content":{"rendered":"\n<p>Mercoled\u00ec 21 settembre Vladimir Putin ha annunciato la <a href=\"https:\/\/www.corriere.it\/esteri\/22_settembre_21\/putin-discorso-mobilitazione-militare-parziale-394b9ea0-3973-11ed-88d4-6f9687a3379e.shtml\">mobilitazione parziale<\/a> della Russia, aprendo una nuova fase del conflitto. Nel suo discorso, il presidente russo ha rimarcato che lo scopo dell\u2019invasione, a cui si riferisce ancora con la formula \u201coperazione militare speciale\u201d, sia \u201ccombattere i nazisti e liberare il Donbass\u201d.&nbsp;Oltre a ripetere la narrazione della sua propaganda, lo zar ha scelto ancora una volta di mostrare i muscoli, conoscendo le conseguenze che una sconfitta avrebbe sul suo consenso personale. Infatti, parlando dei referendum che si stanno svolgendo nelle repubbliche separatiste per l\u2019annessione alla Russia, Putin ha detto che difender\u00e0 \u201ci suoi popoli\u201d con ogni arma a sua disposizione, inclusa l&#8217;atomica. <\/p>\n\n\n\n<p>Questo passaggio \u00e8 stato ripreso dai canali social filorussi, che hanno accusato i soli leader occidentali di aver trascinato l\u2019Europa in un conflitto nucleare contro la Russia. Spesso questa retorica si \u00e8 trasformata in un\u2019indicazione al voto, come a dire \u201cscegliete bene o sar\u00e0 l\u2019apocalisse\u201d. Insomma, la propaganda ha scelto di giocare tutto sulla paura.&nbsp;<\/p>\n\n\n\n<div class=\"wp-block-image\"><figure class=\"aligncenter size-large is-resized\"><img fetchpriority=\"high\" decoding=\"async\" src=\"https:\/\/www.idmo.it\/wp-content\/uploads\/2022\/09\/Immagine-2022-09-26-103651-1024x458.png\" alt=\"\" class=\"wp-image-182297\" width=\"623\" height=\"278\" srcset=\"https:\/\/www.idmo.it\/wp-content\/uploads\/2022\/09\/Immagine-2022-09-26-103651-1024x458.png 1024w, https:\/\/www.idmo.it\/wp-content\/uploads\/2022\/09\/Immagine-2022-09-26-103651-300x134.png 300w, https:\/\/www.idmo.it\/wp-content\/uploads\/2022\/09\/Immagine-2022-09-26-103651-768x344.png 768w, https:\/\/www.idmo.it\/wp-content\/uploads\/2022\/09\/Immagine-2022-09-26-103651-24x11.png 24w, https:\/\/www.idmo.it\/wp-content\/uploads\/2022\/09\/Immagine-2022-09-26-103651-36x16.png 36w, https:\/\/www.idmo.it\/wp-content\/uploads\/2022\/09\/Immagine-2022-09-26-103651-48x21.png 48w, https:\/\/www.idmo.it\/wp-content\/uploads\/2022\/09\/Immagine-2022-09-26-103651.png 1184w\" sizes=\"(max-width: 623px) 100vw, 623px\" \/><\/figure><\/div>\n\n\n\n<p>Paura della forza russa, rimarcata con fatica dopo le sconfitte sul campo. Per farlo, non solo la minaccia nucleare, ma anche tentativi di infrangere l\u2019immagine di audacia dell\u2019esercito ucraino, che sta guadagnando fiducia nell\u2019opinione pubblica internazionale dopo il successo delle <a href=\"https:\/\/www.idmo.it\/2022\/09\/19\/kharkiv-la-controffensiva-ucraina-secondo-la-propaganda-russa\/\">controffensive<\/a> a Kharkiv e in Donbass.&nbsp;<\/p>\n\n\n\n<p>Non sembra casuale un fotomontaggio divenuto virale sui social nei giorni passati. L\u2019immagine mostra Zelensky truccato durante il gay pride di New York, con indosso una parrucca. La foto, scrivono i disinfluencer che l\u2019hanno pubblicata, sarebbe del 1999. Secondo una retorica omofoba, la presunta omosessualit\u00e0 del premier Zelensky basta dunque a dimostrare la debolezza militare dell\u2019Ucraina. Peccato che la foto sia un falso, quello che in gergo si chiama <em>cheap fake<\/em>, ovvero un\u2019immagine alterata tramite tecniche elementari di editing.<\/p>\n\n\n\n<figure class=\"wp-block-gallery columns-2 is-cropped wp-block-gallery-1 is-layout-flex wp-block-gallery-is-layout-flex\"><ul class=\"blocks-gallery-grid\"><li class=\"blocks-gallery-item\"><figure><img decoding=\"async\" width=\"685\" height=\"1024\" src=\"https:\/\/www.idmo.it\/wp-content\/uploads\/2022\/09\/zel-685x1024.jpg\" alt=\"\" data-id=\"182298\" data-link=\"https:\/\/www.idmo.it\/?attachment_id=182298\" class=\"wp-image-182298\" srcset=\"https:\/\/www.idmo.it\/wp-content\/uploads\/2022\/09\/zel-685x1024.jpg 685w, https:\/\/www.idmo.it\/wp-content\/uploads\/2022\/09\/zel-201x300.jpg 201w, https:\/\/www.idmo.it\/wp-content\/uploads\/2022\/09\/zel-768x1148.jpg 768w, https:\/\/www.idmo.it\/wp-content\/uploads\/2022\/09\/zel-16x24.jpg 16w, https:\/\/www.idmo.it\/wp-content\/uploads\/2022\/09\/zel-24x36.jpg 24w, https:\/\/www.idmo.it\/wp-content\/uploads\/2022\/09\/zel-32x48.jpg 32w, https:\/\/www.idmo.it\/wp-content\/uploads\/2022\/09\/zel.jpg 856w\" sizes=\"(max-width: 685px) 100vw, 685px\" \/><\/figure><\/li><li class=\"blocks-gallery-item\"><figure><img decoding=\"async\" width=\"1011\" height=\"1024\" src=\"https:\/\/www.idmo.it\/wp-content\/uploads\/2022\/09\/micc-1011x1024.jpg\" alt=\"\" data-id=\"182300\" data-full-url=\"https:\/\/www.idmo.it\/wp-content\/uploads\/2022\/09\/micc.jpg\" data-link=\"https:\/\/www.idmo.it\/?attachment_id=182300\" class=\"wp-image-182300\" srcset=\"https:\/\/www.idmo.it\/wp-content\/uploads\/2022\/09\/micc-1011x1024.jpg 1011w, https:\/\/www.idmo.it\/wp-content\/uploads\/2022\/09\/micc-296x300.jpg 296w, https:\/\/www.idmo.it\/wp-content\/uploads\/2022\/09\/micc-768x778.jpg 768w, https:\/\/www.idmo.it\/wp-content\/uploads\/2022\/09\/micc-24x24.jpg 24w, https:\/\/www.idmo.it\/wp-content\/uploads\/2022\/09\/micc-36x36.jpg 36w, https:\/\/www.idmo.it\/wp-content\/uploads\/2022\/09\/micc-48x48.jpg 48w, https:\/\/www.idmo.it\/wp-content\/uploads\/2022\/09\/micc.jpg 1125w\" sizes=\"(max-width: 1011px) 100vw, 1011px\" \/><\/figure><\/li><\/ul><\/figure>\n\n\n\n<p>Ma anche paura della Nato, cos\u00ec impegnata a perseguire i suoi interessi da gettare il mondo in un conflitto nucleare. Qui il messaggio di fondo \u00e8 ancora pi\u00f9 chiaro: a loro non interessa niente di voi, agli Stati Uniti non importa se verrete spazzati via dalle bombe o avvelenati dalle radiazioni. Gli sforzi diffamatori contro l\u2019Alleanza Atlantica sono tali che, dopo l\u2019alluvione che ha sconvolto le Marche dello scorso 15 settembre, i canali di disinformazione hanno elaborato un complotto proprio per incolpare la Nato del disastro climatico. Si \u00e8 tornati a parlare di &#8220;scie chimiche&#8221;, quando alcuni account su Twitter e Facebook hanno accusato un aereo tedesco, rintracciato tramite l\u2019app Flightradar, di aver volato in cerchio sulle Marche prima dell\u2019alluvione.<\/p>\n\n\n\n<p>\u201cNessuna correlazione con il cloud seeding?\u201d: la domanda \u00e8 rivolta al pubblico dalla redazione di <a href=\"https:\/\/www.byoblu.com\/2022\/09\/19\/areo-nato-nel-cielo-delle-marche-prima-del-disastro\/\">Byoblu<\/a>, testata online e snodo della disinformazione italiana. Secondo una <a href=\"https:\/\/www.butac.it\/laereo-nato-e-il-complotto-delle-bombe-dacqua\/\">teoria complottista<\/a> che si credeva obsoleta, tornata per\u00f2 in auge a settembre, la \u201cmanipolazione artificiale del clima\u201d mira a cambiare la quantit\u00e0 e il tipo di precipitazione attraverso la \u201cdispersione nelle nubi di sostanze chimiche\u201d.<\/p>\n\n\n\n<div class=\"wp-block-image\"><figure class=\"aligncenter size-large is-resized\"><img loading=\"lazy\" decoding=\"async\" src=\"https:\/\/www.idmo.it\/wp-content\/uploads\/2022\/09\/yes-1-728x1024.png\" alt=\"\" class=\"wp-image-182304\" width=\"430\" height=\"605\" srcset=\"https:\/\/www.idmo.it\/wp-content\/uploads\/2022\/09\/yes-1-728x1024.png 728w, https:\/\/www.idmo.it\/wp-content\/uploads\/2022\/09\/yes-1-213x300.png 213w, https:\/\/www.idmo.it\/wp-content\/uploads\/2022\/09\/yes-1-768x1080.png 768w, https:\/\/www.idmo.it\/wp-content\/uploads\/2022\/09\/yes-1-17x24.png 17w, https:\/\/www.idmo.it\/wp-content\/uploads\/2022\/09\/yes-1-26x36.png 26w, https:\/\/www.idmo.it\/wp-content\/uploads\/2022\/09\/yes-1-34x48.png 34w, https:\/\/www.idmo.it\/wp-content\/uploads\/2022\/09\/yes-1.png 876w\" sizes=\"(max-width: 430px) 100vw, 430px\" \/><\/figure><\/div>\n\n\n\n<p>Intanto su Twitter alcuni utenti si sono messi a soffiare sul fuoco del benaltrismo, nel tentativo di intercettare la rabbia degli italiani di fronte alle vittime delle Marche. Non \u00e8 passato inosservato lo stanziamento di 5 milioni del governo dimissionario di Draghi, che rappresentano il primo contributo per aiutare la regione in emergenza. I fondi sono stati annunciati il 16 settembre, lo stesso giorno in cui l\u2019agenzia <a href=\"https:\/\/www.adnkronos.com\/decreto-aiuti-in-bozza-700-milioni-per-ucraina_4WyNGaDsXgYFcx0I78fT3E?refresh_ce\">Adnkronos<\/a> ha pubblicato una bozza del nuovo dl Aiuti, in cui si parla di 700 milioni diretti in Ucraina. La propaganda filorussa non si \u00e8 fatta attendere: al grido di \u201cprima gli italiani\u201d, molti account hanno chiesto di bloccare l\u2019invio di denaro all\u2019Ucraina. Anche in questo caso, con le elezioni politiche dietro l\u2019angolo, l\u2019appello si \u00e8 trasformato in un\u2019indicazione al voto.<\/p>\n\n\n\n<div class=\"wp-block-image\"><figure class=\"aligncenter size-large is-resized\"><img loading=\"lazy\" decoding=\"async\" src=\"https:\/\/www.idmo.it\/wp-content\/uploads\/2022\/09\/marc-1024x557.png\" alt=\"\" class=\"wp-image-182305\" width=\"653\" height=\"354\" srcset=\"https:\/\/www.idmo.it\/wp-content\/uploads\/2022\/09\/marc-1024x557.png 1024w, https:\/\/www.idmo.it\/wp-content\/uploads\/2022\/09\/marc-300x163.png 300w, https:\/\/www.idmo.it\/wp-content\/uploads\/2022\/09\/marc-768x418.png 768w, https:\/\/www.idmo.it\/wp-content\/uploads\/2022\/09\/marc-24x13.png 24w, https:\/\/www.idmo.it\/wp-content\/uploads\/2022\/09\/marc-36x20.png 36w, https:\/\/www.idmo.it\/wp-content\/uploads\/2022\/09\/marc-48x26.png 48w, https:\/\/www.idmo.it\/wp-content\/uploads\/2022\/09\/marc.png 1194w\" sizes=\"(max-width: 653px) 100vw, 653px\" \/><\/figure><\/div>\n\n\n\n<p>Report di Michelangelo Gennaro, Assistant Researcher Luiss Data Lab<\/p>\n","protected":false},"excerpt":{"rendered":"<p>I canali social di disinformazione si sono attivati per diffondere paura sia della Russia che della Nato. Anche con un fotomontaggio di Zelensky al gay pride e il ritorno delle \u201cscie chimiche\u201d<\/p>\n","protected":false},"author":132,"featured_media":181009,"comment_status":"closed","ping_status":"closed","sticky":false,"template":"","format":"standard","meta":{"_acf_changed":false,"footnotes":""},"categories":[4808],"tags":[4748,1418,3231,4248,2141,4652,2186,4749,4613],"class_list":["post-182296","post","type-post","status-publish","format-standard","has-post-thumbnail","hentry","category-guerra-in-ucraina","tag-atomica","tag-disinformazione","tag-guerra","tag-marche","tag-nucleare","tag-propaganda","tag-putin","tag-scie-chimiche","tag-zelensky"],"acf":{"share_this_post_to_edmo_website":false,"type_of_post":false,"options_for_news_post":{"":""},"options_for_event_post":{"event_start_date":null,"event_end_date":null,"event_location":"","event_programme":""},"options_for_report_post":{"post_author":"","report_type":false,"report_pdf_link":""},"options_for_investigation_post":{"post_author":""},"affiliation":false},"_links":{"self":[{"href":"https:\/\/www.idmo.it\/en\/wp-json\/wp\/v2\/posts\/182296","targetHints":{"allow":["GET"]}}],"collection":[{"href":"https:\/\/www.idmo.it\/en\/wp-json\/wp\/v2\/posts"}],"about":[{"href":"https:\/\/www.idmo.it\/en\/wp-json\/wp\/v2\/types\/post"}],"author":[{"embeddable":true,"href":"https:\/\/www.idmo.it\/en\/wp-json\/wp\/v2\/users\/132"}],"replies":[{"embeddable":true,"href":"https:\/\/www.idmo.it\/en\/wp-json\/wp\/v2\/comments?post=182296"}],"version-history":[{"count":1,"href":"https:\/\/www.idmo.it\/en\/wp-json\/wp\/v2\/posts\/182296\/revisions"}],"predecessor-version":[{"id":182315,"href":"https:\/\/www.idmo.it\/en\/wp-json\/wp\/v2\/posts\/182296\/revisions\/182315"}],"wp:featuredmedia":[{"embeddable":true,"href":"https:\/\/www.idmo.it\/en\/wp-json\/wp\/v2\/media\/181009"}],"wp:attachment":[{"href":"https:\/\/www.idmo.it\/en\/wp-json\/wp\/v2\/media?parent=182296"}],"wp:term":[{"taxonomy":"category","embeddable":true,"href":"https:\/\/www.idmo.it\/en\/wp-json\/wp\/v2\/categories?post=182296"},{"taxonomy":"post_tag","embeddable":true,"href":"https:\/\/www.idmo.it\/en\/wp-json\/wp\/v2\/tags?post=182296"}],"curies":[{"name":"wp","href":"https:\/\/api.w.org\/{rel}","templated":true}]}}