{"id":182047,"date":"2022-08-23T14:59:49","date_gmt":"2022-08-23T12:59:49","guid":{"rendered":"https:\/\/www.idmo.it\/?p=182047"},"modified":"2024-03-12T09:41:01","modified_gmt":"2024-03-12T08:41:01","slug":"disinformazione-luglio","status":"publish","type":"post","link":"https:\/\/www.idmo.it\/en\/2022\/08\/23\/disinformazione-luglio\/","title":{"rendered":"A luglio prosegue la frammentazione della disinformazione. Clima e politica in crescita"},"content":{"rendered":"\n<p>I cinque progetti editoriali italiani che hanno pubblicato contenuti di verifica dei fatti, e che hanno contribuito a questo report (BlastingNews, Bufale.net, Facta, Open, <a href=\"http:\/\/pagellapolitica.it\" target=\"_blank\" aria-label=\"undefined (apri in una nuova scheda)\" rel=\"noreferrer noopener\">Pagella Politica<\/a>), hanno pubblicato, a luglio 2022, un totale di 227 articoli di fact-checking. Di questi, 46 (20%) hanno avuto per oggetto casi di disinformazione riguardanti la guerra in Ucraina, 39 (17%) la pandemia e 29 (13%) il cambiamento climatico. Dunque la met\u00e0 della disinformazione rilevata \u00e8 di argomento vario. Questa frammentazione della disinformazione \u00e8 stata rilevata, a luglio, anche a livello europeo.<\/p>\n\n\n\n<div class=\"wp-block-image\"><figure class=\"aligncenter size-full\"><img fetchpriority=\"high\" decoding=\"async\" width=\"960\" height=\"896\" src=\"https:\/\/www.idmo.it\/wp-content\/uploads\/2022\/08\/Screenshot-2022-08-23-alle-14.51.19.png\" alt=\"disinformazione luglio\" class=\"wp-image-182048\" srcset=\"https:\/\/www.idmo.it\/wp-content\/uploads\/2022\/08\/Screenshot-2022-08-23-alle-14.51.19.png 960w, https:\/\/www.idmo.it\/wp-content\/uploads\/2022\/08\/Screenshot-2022-08-23-alle-14.51.19-300x280.png 300w, https:\/\/www.idmo.it\/wp-content\/uploads\/2022\/08\/Screenshot-2022-08-23-alle-14.51.19-768x717.png 768w, https:\/\/www.idmo.it\/wp-content\/uploads\/2022\/08\/Screenshot-2022-08-23-alle-14.51.19-24x22.png 24w, https:\/\/www.idmo.it\/wp-content\/uploads\/2022\/08\/Screenshot-2022-08-23-alle-14.51.19-36x34.png 36w, https:\/\/www.idmo.it\/wp-content\/uploads\/2022\/08\/Screenshot-2022-08-23-alle-14.51.19-48x45.png 48w\" sizes=\"(max-width: 960px) 100vw, 960px\" \/><\/figure><\/div>\n\n\n\n<p>Come trend, si rileva il continuo calo \u2013 seppur meno accentuato che nei mesi scorsi \u2013 della disinformazione collegata alla guerra in Ucraina, mentre quella sulla pandemia rimane sostanzialmente stabile ormai da diversi mesi. La disinformazione sul cambiamento climatico \u00e8 stata isolata per la prima volta in questo report, si vedr\u00e0 nei prossimi mesi se il suo andamento sia legato alla stagione estiva o meno.<\/p>\n\n\n\n<p>I principali argomenti oggetto di disinformazione a luglio, in base ai dati raccolti dai progetti che hanno contribuito a questo report, sono stati la guerra in ucraina, la pandemia e il cambiamento climatico. Nel mese di luglio, i progetti che hanno contribuito a questo report hanno evidenziato anche un aumento della disinformazione legata al dibattito politico, in particolare in seguito alle dimissioni del presidente del Consiglio, Mario Draghi, e all\u2019avvio della campagna elettorale in vista del voto del 25 settembre. Anche in Italia, poi, a luglio \u00e8 stata rilevata in misura significativa la disinformazione a proposito delle proteste degli agricoltori olandesi. Come evidenziato dall\u2019ultimo brief EDMO, il fenomeno \u00e8 stato rilevato a luglio in tutta Europa, probabilmente perch\u00e9 queste proteste intercettano sia l\u2019interesse dei negazionisti climatici, sia quello dei complottisti che credono esista una \u201cagenda globalista\u201d che mira all\u2019oppressione dei popoli.<\/p>\n\n\n\n<div class=\"wp-block-image\"><figure class=\"aligncenter size-large\"><img decoding=\"async\" width=\"1024\" height=\"573\" src=\"https:\/\/www.idmo.it\/wp-content\/uploads\/2022\/08\/Screenshot-2022-08-23-alle-14.55.31-1024x573.png\" alt=\"disinformazione luglio\" class=\"wp-image-182049\" srcset=\"https:\/\/www.idmo.it\/wp-content\/uploads\/2022\/08\/Screenshot-2022-08-23-alle-14.55.31-1024x573.png 1024w, https:\/\/www.idmo.it\/wp-content\/uploads\/2022\/08\/Screenshot-2022-08-23-alle-14.55.31-300x168.png 300w, https:\/\/www.idmo.it\/wp-content\/uploads\/2022\/08\/Screenshot-2022-08-23-alle-14.55.31-768x430.png 768w, https:\/\/www.idmo.it\/wp-content\/uploads\/2022\/08\/Screenshot-2022-08-23-alle-14.55.31-24x13.png 24w, https:\/\/www.idmo.it\/wp-content\/uploads\/2022\/08\/Screenshot-2022-08-23-alle-14.55.31-36x20.png 36w, https:\/\/www.idmo.it\/wp-content\/uploads\/2022\/08\/Screenshot-2022-08-23-alle-14.55.31-48x27.png 48w, https:\/\/www.idmo.it\/wp-content\/uploads\/2022\/08\/Screenshot-2022-08-23-alle-14.55.31.png 1212w\" sizes=\"(max-width: 1024px) 100vw, 1024px\" \/><\/figure><\/div>\n\n\n\n<p class=\"has-text-align-center\"><a href=\"https:\/\/www.idmo.it\/wp-content\/uploads\/2022\/08\/IDMO-9-Orizzontale.pdf\" target=\"_blank\" aria-label=\"undefined (apri in una nuova scheda)\" rel=\"noreferrer noopener\">Clicca qui per leggere e scaricare il report completo<\/a><\/p>\n","protected":false},"excerpt":{"rendered":"<p>Calano ancora le fake news sull\u2019Ucraina, stabili quella sulla pandemia. Una quota significativa \u00e8 legata al cambiamento climatico e, con le elezioni alle porte, inizia a crescere la disinformazione politica<\/p>\n","protected":false},"author":132,"featured_media":181159,"comment_status":"closed","ping_status":"closed","sticky":false,"template":"","format":"standard","meta":{"_acf_changed":false,"footnotes":""},"categories":[4952],"tags":[748,1418,1419,3231,561,4600],"class_list":["post-182047","post","type-post","status-publish","format-standard","has-post-thumbnail","hentry","category-report-mensili","tag-clima","tag-disinformazione","tag-fake-news","tag-guerra","tag-politica","tag-ucraina"],"acf":{"share_this_post_to_edmo_website":false,"type_of_post":false,"options_for_news_post":{"":""},"options_for_event_post":{"event_start_date":null,"event_end_date":null,"event_location":"","event_programme":""},"options_for_report_post":{"post_author":"","report_type":false,"report_pdf_link":""},"options_for_investigation_post":{"post_author":""},"affiliation":false},"_links":{"self":[{"href":"https:\/\/www.idmo.it\/en\/wp-json\/wp\/v2\/posts\/182047","targetHints":{"allow":["GET"]}}],"collection":[{"href":"https:\/\/www.idmo.it\/en\/wp-json\/wp\/v2\/posts"}],"about":[{"href":"https:\/\/www.idmo.it\/en\/wp-json\/wp\/v2\/types\/post"}],"author":[{"embeddable":true,"href":"https:\/\/www.idmo.it\/en\/wp-json\/wp\/v2\/users\/132"}],"replies":[{"embeddable":true,"href":"https:\/\/www.idmo.it\/en\/wp-json\/wp\/v2\/comments?post=182047"}],"version-history":[{"count":1,"href":"https:\/\/www.idmo.it\/en\/wp-json\/wp\/v2\/posts\/182047\/revisions"}],"predecessor-version":[{"id":182052,"href":"https:\/\/www.idmo.it\/en\/wp-json\/wp\/v2\/posts\/182047\/revisions\/182052"}],"wp:featuredmedia":[{"embeddable":true,"href":"https:\/\/www.idmo.it\/en\/wp-json\/wp\/v2\/media\/181159"}],"wp:attachment":[{"href":"https:\/\/www.idmo.it\/en\/wp-json\/wp\/v2\/media?parent=182047"}],"wp:term":[{"taxonomy":"category","embeddable":true,"href":"https:\/\/www.idmo.it\/en\/wp-json\/wp\/v2\/categories?post=182047"},{"taxonomy":"post_tag","embeddable":true,"href":"https:\/\/www.idmo.it\/en\/wp-json\/wp\/v2\/tags?post=182047"}],"curies":[{"name":"wp","href":"https:\/\/api.w.org\/{rel}","templated":true}]}}