{"id":181873,"date":"2022-07-21T10:09:02","date_gmt":"2022-07-21T08:09:02","guid":{"rendered":"https:\/\/www.idmo.it\/?p=181873"},"modified":"2022-07-21T10:09:05","modified_gmt":"2022-07-21T08:09:05","slug":"newsmax-capitol-hill","status":"publish","type":"post","link":"https:\/\/www.idmo.it\/en\/2022\/07\/21\/newsmax-capitol-hill\/","title":{"rendered":"La realt\u00e0 parallela sull&#8217;assalto a Capitol Hill: \u201cfrode elettorale\u201d, \u201cfalse flag\u201d e \u201cnessuna arma da fuoco\u201d"},"content":{"rendered":"\n<p>L\u2019ex presidente degli Stati Uniti Donald Trump&nbsp;<a href=\"https:\/\/www.nytimes.com\/2022\/06\/22\/us\/politics\/jan-6-committee-republicans.html\" target=\"_blank\" rel=\"noreferrer noopener\">ha espresso<\/a>&nbsp;la sua frustrazione per il fatto che Kevin McCarthy, leader della minoranza alla Camera, abbia escluso i repubblicani sostenitori di Trump dalla commissione della Camera che indaga sull\u2019assalto al <a aria-label=\"undefined (apri in una nuova scheda)\" href=\"https:\/\/www.idmo.it\/2022\/03\/17\/biolabs-in-ucraina\/\" target=\"_blank\" rel=\"noreferrer noopener\">Capitol Hil<\/a><a href=\"https:\/\/www.idmo.it\/2022\/03\/17\/biolabs-in-ucraina\/\" target=\"_blank\" aria-label=\"undefined (apri in una nuova scheda)\" rel=\"noreferrer noopener\">l<\/a> del 6 gennaio 2021. In realt\u00e0, il racconto degli eventi diffuso dalla rete televisiva Newsmax \u00e8 fortemente schierato a favore di Trump.<\/p>\n\n\n\n<p>Secondo un\u2019analisi di NewsGuard, Newsmax, un canale televisivo di orientamento conservatore, ha diffuso circa 40 affermazioni false e fuorvianti a partire dal 9 giugno 2022, il primo giorno delle audizioni pubbliche del comitato ristretto della Camera sull\u2019assalto al Campidoglio, a proposito delle elezioni presidenziali del 2020, degli eventi del 6 gennaio 2021 e dello stesso comitato della Camera.&nbsp;<\/p>\n\n\n\n<p><em>Di seguito, un riassunto delle affermazioni false e fuorvianti identificate da NewsGuard che sono state trasmesse su Newsmax e pronunciate dai suoi giornalisti o ospiti tra il 9 giugno e il 30 giugno 2022. NewsGuard ha incluso i casi in cui le affermazioni sono state fatte da ospiti solo se il conduttore non le ha contestate.&nbsp;<\/em><\/p>\n\n\n\n<figure class=\"wp-block-image size-large\"><img fetchpriority=\"high\" decoding=\"async\" width=\"1024\" height=\"571\" src=\"https:\/\/www.idmo.it\/wp-content\/uploads\/2022\/07\/Screen-Shot-2022-07-13-at-4.02.37-PM-1024x571.png\" alt=\"\" class=\"wp-image-181879\" srcset=\"https:\/\/www.idmo.it\/wp-content\/uploads\/2022\/07\/Screen-Shot-2022-07-13-at-4.02.37-PM-1024x571.png 1024w, https:\/\/www.idmo.it\/wp-content\/uploads\/2022\/07\/Screen-Shot-2022-07-13-at-4.02.37-PM-300x167.png 300w, https:\/\/www.idmo.it\/wp-content\/uploads\/2022\/07\/Screen-Shot-2022-07-13-at-4.02.37-PM-768x429.png 768w, https:\/\/www.idmo.it\/wp-content\/uploads\/2022\/07\/Screen-Shot-2022-07-13-at-4.02.37-PM-1536x857.png 1536w, https:\/\/www.idmo.it\/wp-content\/uploads\/2022\/07\/Screen-Shot-2022-07-13-at-4.02.37-PM-2048x1143.png 2048w, https:\/\/www.idmo.it\/wp-content\/uploads\/2022\/07\/Screen-Shot-2022-07-13-at-4.02.37-PM-24x13.png 24w, https:\/\/www.idmo.it\/wp-content\/uploads\/2022\/07\/Screen-Shot-2022-07-13-at-4.02.37-PM-36x20.png 36w, https:\/\/www.idmo.it\/wp-content\/uploads\/2022\/07\/Screen-Shot-2022-07-13-at-4.02.37-PM-48x27.png 48w\" sizes=\"(max-width: 1024px) 100vw, 1024px\" \/><figcaption>Puntata del 15 giugno 2022 del programma \u201cJohn Bachman Now&#8221;. (Screenshot di NewsGuard dal canale Rumble di Newsmax)<\/figcaption><\/figure>\n\n\n\n<p><strong>I partecipanti alla rivolta del 6 gennaio erano \u201cdisarmati\u201d<\/strong><\/p>\n\n\n\n<p>Secondo l\u2019analisi di NewsGuard, Newsmax ha diffuso questa affermazione&nbsp;<strong>sei<\/strong>&nbsp;volte durante le trasmissioni andate in onda tra il 9 giugno e il 30 giugno 2022:<\/p>\n\n\n\n<ul class=\"wp-block-list\"><li>Durante una puntata del 15 giugno 2022 di \u201cJohn Bachman Now\u201d, l\u2019ospite Kelly Sadler, giornalista del Washington Times, ha dichiarato: \u201c\u00c8 stata un\u2019insurrezione? No. Voglio dire, nessuna di queste persone era armata\u201d.<\/li><li>Durante una puntata del 29 giugno 2022 di \u201cGreg Kelley Reports\u201d, il conduttore Greg Kelley ha detto a proposito dell\u2019assalto del 6 gennaio 2021: \u201cNon c\u2019erano armi da fuoco in questo evento. Al Capitol o all\u2019Ellipse\u201d.<\/li><li>Durante la messa in onda del 29 giugno 2022 del servizio speciale di Newsmax, \u201cDay of Outrage\u201d, Greg Kelley, intervistato per il documentario, ha detto della rivolta: \u201cNon c\u2019\u00e8 stato coordinamento, non c\u2019\u00e8 stata una pianificazione preventiva, non c\u2019erano armi\u201d. In un altro spezzone della puntata, l\u2019ospite Jessie Jane Duff, sergente d\u2019artiglieria in pensione del Corpo dei Marines degli Stati Uniti, ha detto: \u201cI media tradizionali hanno usato la parola insurrezione, che d\u00e0 l\u2019impressione che ci fosse una rivoluzione violenta proprio qui nella citt\u00e0 di Washington, D.C., mentre in realt\u00e0 nessuno \u00e8 stato sorpreso con armi da fuoco\u201d.<\/li><\/ul>\n\n\n\n<p>\u274c&nbsp;<strong>Smentita:&nbsp;<\/strong><em>Una settimana dopo l\u2019attacco, NBC News&nbsp;<\/em><a href=\"https:\/\/www.nbcnews.com\/news\/us-news\/stun-guns-stinger-whips-crossbow-what-police-found-capitol-protesters-n1254127\" target=\"_blank\" rel=\"noreferrer noopener\"><em>ha riferito<\/em><\/a><em>&nbsp;che la polizia aveva sequestrato 12 armi, tra cui un fucile d\u2019assalto, e migliaia di munizioni a sette manifestanti che avevano partecipato alla protesta del 6 gennaio 2021. In un caso, il Dipartimento di Polizia metropolitana del Distretto di Columbia ha arrestato un uomo accusato di trasportare una pistola semiautomatica da 9 mm carica mentre si trovava presso il Campidoglio il 6 gennaio 2021. Secondo&nbsp;<\/em><a href=\"https:\/\/www.npr.org\/2021\/02\/09\/965472049\/the-capitol-siege-the-arrested-and-their-stories#database\" target=\"_blank\" rel=\"noreferrer noopener\"><em>un database<\/em><\/a><em>&nbsp;gestito dalla National Public Radio, al primo luglio 2022, tre delle persone accusate a livello federale per il loro coinvolgimento nell\u2019attacco del 6 gennaio erano state accusate di possedere una pistola sul suolo del Campidoglio. Inoltre, secondo alcune testimonianze dirette ascoltate dal comitato della Camera sul 6 gennaio, l\u2019allora presidente sarebbe stato messo a conoscenza del fatto che centinaia di persone che hanno poi marciato verso il Campidoglio non si erano radunate vicino al palco per ascoltare il suo discorso in occasione della precedente manifestazione presso il parco Ellipse, per evitare di doversi sottoporre al controllo dei magnetometri dei Servizi segreti. Quei controlli avrebbero potuto rilevare la presenza di armi e portare alla loro confisca.<\/em><\/p>\n\n\n\n<p><strong>L\u2019allora presidente Donald Trump convoc\u00f2 la Guardia nazionale al Campidoglio, ma il presidente della Camera Nancy Pelosi blocc\u00f2 la sua richiesta<\/strong><\/p>\n\n\n\n<p>Secondo l\u2019analisi di NewsGuard, Newsmax ha diffuso questa affermazione&nbsp;<strong>11<\/strong>&nbsp;volte durante i programmi trasmessi tra il 9 giugno e il 30 giugno 2022:<\/p>\n\n\n\n<ul class=\"wp-block-list\"><li>Durante una puntata del 10 giugno 2022 di \u201cWake Up America\u201d, la co-conduttrice Alison Maloni ha affermato che la commissione della Camera sul 6 gennaio \u201cnon ha parlato\u2026 del fatto che il presidente Trump ha chiamato la Guardia nazionale e poi sarebbero dovuti essere Nancy Pelosi e il sindaco di Washington ad attivarla, ma hanno scelto di non farlo\u201d.<\/li><li>Durante una puntata dell\u201911 giugno 2022 di \u201cSaturday Agenda\u201d, la repubblicana Beth Van Duyne, ospite del programma e deputata del Texas presso il Congresso degli Stati Uniti, ha dichiarato: \u201cNancy Pelosi e il sindaco [Muriel] Bowser avevano informazioni che non hanno condiviso con tutti noi. Il presidente Trump si era offerto di dare il suo contributo per far intervenire la Guardia nazionale. Loro lo hanno negato\u201d.<\/li><li>In una puntata dell\u201911 giugno 2022 del \u201cChris Salcedo Show\u201d \u00e8 stato trasmesso un filmato in cui la repubblicana Marjorie Taylor-Greene, deputata al Congresso per la Georgia, ha affermato: \u201cCi\u00f2 che mi stupisce \u00e8 la schiacciante quantit\u00e0 di prove che dimostrano che la Guardia nazionale \u00e8 stata chiamata per intervenire, ed \u00e8 stata continuamente rifiutata\u2026 [da] Chuck Schumer al Senato, Nancy Pelosi alla Camera e il sindaco Muriel Bowser\u201d.<\/li><li>Durante una puntata di \u201cHuckabee\u201d del 19 giugno 2022, il conduttore Mike Huckabee, ex governatore repubblicano dell\u2019Arkansas e candidato alla presidenza, ha affermato che \u00e8 un \u201cfatto inconfutabile che [Trump] abbia offerto a Pelosi, al sindaco di Washington Muriel Bowser e ad altri di far intervenire fino a 20.000 truppe per la sicurezza quel giorno, ma tutti hanno rifiutato\u201d.<\/li><\/ul>\n\n\n\n<p>\u274c&nbsp;<strong>Smentita:&nbsp;<\/strong><em>Non ci sono prove che Pelosi, Schumer o Bowser abbiano negato una richiesta di intervento della Guardia nazionale prima o durante l\u2019assalto al Campidoglio del 6 gennaio 2021. In realt\u00e0, la Guardia nazionale di Washington \u00e8 controllata dal presidente degli Stati Uniti e dal ramo esecutivo, non dalla speaker della Camera, dal leader della maggioranza al Senato o dal sindaco di Washington, D.C. Il presidente non ha bisogno dell\u2019approvazione altrui per schierare la Guardia nazionale nella capitale.<\/em><\/p>\n\n\n\n<figure class=\"wp-block-image size-large\"><img decoding=\"async\" width=\"1024\" height=\"577\" src=\"https:\/\/www.idmo.it\/wp-content\/uploads\/2022\/07\/WhatsApp-Image-2022-07-19-at-09.44.08-1024x577.jpeg\" alt=\"\" class=\"wp-image-181881\" srcset=\"https:\/\/www.idmo.it\/wp-content\/uploads\/2022\/07\/WhatsApp-Image-2022-07-19-at-09.44.08-1024x577.jpeg 1024w, https:\/\/www.idmo.it\/wp-content\/uploads\/2022\/07\/WhatsApp-Image-2022-07-19-at-09.44.08-300x169.jpeg 300w, https:\/\/www.idmo.it\/wp-content\/uploads\/2022\/07\/WhatsApp-Image-2022-07-19-at-09.44.08-768x433.jpeg 768w, https:\/\/www.idmo.it\/wp-content\/uploads\/2022\/07\/WhatsApp-Image-2022-07-19-at-09.44.08-1536x866.jpeg 1536w, https:\/\/www.idmo.it\/wp-content\/uploads\/2022\/07\/WhatsApp-Image-2022-07-19-at-09.44.08-24x14.jpeg 24w, https:\/\/www.idmo.it\/wp-content\/uploads\/2022\/07\/WhatsApp-Image-2022-07-19-at-09.44.08-36x20.jpeg 36w, https:\/\/www.idmo.it\/wp-content\/uploads\/2022\/07\/WhatsApp-Image-2022-07-19-at-09.44.08-48x27.jpeg 48w, https:\/\/www.idmo.it\/wp-content\/uploads\/2022\/07\/WhatsApp-Image-2022-07-19-at-09.44.08.jpeg 1600w\" sizes=\"(max-width: 1024px) 100vw, 1024px\" \/><figcaption>Il trailer del documentario di Newsmax &#8220;Day of Outrage: January 6, The Real Story&#8221;. (Screenshot di NewsGuard dal canale YouTube di Newsmax)<\/figcaption><\/figure>\n\n\n\n<p><strong>Il 6 gennaio 2021 \u00e8 stato una \u201cfalse flag\u201d&nbsp;<\/strong><\/p>\n\n\n\n<p>Durante un episodio del 22 giugno 2022 di \u201cWise Guys With John Tabacco\u201d, Newsmax ha trasmesso una serie di interviste a dei passanti in cui un intervistato non meglio identificato ha affermato: \u201cSembra che [il 6 gennaio] sia stato in qualche modo un evento fittizio \u2013 una false flag \u2013 che \u00e8 stato organizzato appositamente. Non c\u2019\u00e8 niente di vero\u201d. L\u2019intervistatrice, la co-conduttrice Cara Castronuova, non ha contestato i commenti dell\u2019uomo, che sono stati trasmessi almeno altre tre volte sulla rete.&nbsp;<\/p>\n\n\n\n<p>\u274c&nbsp;<strong>Smentita:&nbsp;<\/strong><em>Non ci sono prove che l\u2019assalto al Campidoglio del 6 gennaio 2021 sia stato una false flag, come, tra le altre cose,&nbsp;<\/em><a href=\"https:\/\/www.npr.org\/2021\/02\/09\/965472049\/the-capitol-siege-the-arrested-and-their-stories#database\" target=\"_blank\" rel=\"noreferrer noopener\"><em>dimostrano<\/em><\/a><em>&nbsp;le circa 40 persone identificate come membri di gruppi estremisti pro-Trump e di estrema destra che si sono gi\u00e0 dichiarate colpevoli.<\/em><\/p>\n\n\n\n<p><strong>Il 6 gennaio 2021 c\u2019erano soltanto \u201calcune centinaia\u201d di rivoltosi al Campidoglio<\/strong><\/p>\n\n\n\n<p>Durante una puntata del 13 giugno 2022 del \u201cChris Salcedo Show\u201d, il conduttore Chris Salcedo ha affermato che \u201calcune centinaia di persone hanno attraversato il Campidoglio, ferito gli agenti di polizia e rotto alcune finestre dove lavorano Cheney, Kinzinger e altri democratici\u201d.&nbsp;<\/p>\n\n\n\n<p>\u274c&nbsp;<strong>Smentita:&nbsp;<\/strong><em>Il Dipartimento di Giustizia degli Stati Uniti&nbsp;<\/em><a href=\"https:\/\/www.npr.org\/2022\/01\/06\/1070736018\/jan-6-anniversary-investigation-cases-defendants-justice\" target=\"_blank\" rel=\"noreferrer noopener\"><em>stima<\/em><\/a><em>&nbsp;che il 6 gennaio 2021 siano entrate in Campidoglio tra le 2.000 e le 2.500 persone. Circa 850 persone sono state&nbsp;<\/em><a href=\"https:\/\/www.npr.org\/2021\/02\/09\/965472049\/the-capitol-siege-the-arrested-and-their-stories\" target=\"_blank\" rel=\"noreferrer noopener\"><em>messe sotto accusa<\/em><\/a><em>&nbsp;e 327 si sono gi\u00e0 dichiarate colpevoli.<\/em><\/p>\n\n\n\n<figure class=\"wp-block-image size-large\"><img decoding=\"async\" width=\"1024\" height=\"587\" src=\"https:\/\/www.idmo.it\/wp-content\/uploads\/2022\/07\/Screen-Shot-2022-07-13-at-4.14.42-PM-1-1024x587.png\" alt=\"\" class=\"wp-image-181878\" srcset=\"https:\/\/www.idmo.it\/wp-content\/uploads\/2022\/07\/Screen-Shot-2022-07-13-at-4.14.42-PM-1-1024x587.png 1024w, https:\/\/www.idmo.it\/wp-content\/uploads\/2022\/07\/Screen-Shot-2022-07-13-at-4.14.42-PM-1-300x172.png 300w, https:\/\/www.idmo.it\/wp-content\/uploads\/2022\/07\/Screen-Shot-2022-07-13-at-4.14.42-PM-1-768x440.png 768w, https:\/\/www.idmo.it\/wp-content\/uploads\/2022\/07\/Screen-Shot-2022-07-13-at-4.14.42-PM-1-1536x880.png 1536w, https:\/\/www.idmo.it\/wp-content\/uploads\/2022\/07\/Screen-Shot-2022-07-13-at-4.14.42-PM-1-24x14.png 24w, https:\/\/www.idmo.it\/wp-content\/uploads\/2022\/07\/Screen-Shot-2022-07-13-at-4.14.42-PM-1-36x21.png 36w, https:\/\/www.idmo.it\/wp-content\/uploads\/2022\/07\/Screen-Shot-2022-07-13-at-4.14.42-PM-1-48x28.png 48w, https:\/\/www.idmo.it\/wp-content\/uploads\/2022\/07\/Screen-Shot-2022-07-13-at-4.14.42-PM-1.png 1916w\" sizes=\"(max-width: 1024px) 100vw, 1024px\" \/><figcaption>Una puntata dell&#8217;8 luglio 2022 del programma \u201cSpicer &amp; Co&#8221;. (Screenshot di NewsGuard dal sito di Newsmax)<\/figcaption><\/figure>\n\n\n\n<p><strong>L\u2019ex vicepresidente degli Stati Uniti Mike Pence aveva l\u2019autorit\u00e0 di rimandare i voti agli Stati per un\u2019ulteriore autenticazione&nbsp;<\/strong><\/p>\n\n\n\n<p>Durante una puntata del 21 giugno 2022 di \u201cGreg Kelly Reports\u201d, il conduttore Greg Kelly ha dichiarato: \u201cLei aveva discrezione, vicepresidente Pence. Avrebbe potuto rimandare questi voti ad Harrisburg, a Phoenix, ad Atlanta e dire: \u2018Abbiamo bisogno che questo venga chiarito\u2019\u201d.&nbsp;<\/p>\n\n\n\n<p>\u274c&nbsp;<strong>Smentita:&nbsp;<\/strong><em>In realt\u00e0, secondo&nbsp;<\/em><a href=\"https:\/\/www.newsweek.com\/fact-check-can-pence-send-votes-back-states-correction-trump-says-1559398\" target=\"_blank\" rel=\"noreferrer noopener\"><em>numerosi<\/em><\/a>&nbsp;<a href=\"https:\/\/apnews.com\/article\/fact-checking-275776015398\" target=\"_blank\" rel=\"noreferrer noopener\"><em>esperti<\/em><\/a>&nbsp;<a href=\"https:\/\/www.politifact.com\/factchecks\/2022\/feb\/01\/donald-trump\/trump-falsely-says-electoral-count-act-talks-prove\/\" target=\"_blank\" rel=\"noreferrer noopener\"><em>costituzionalisti<\/em><\/a><em>&nbsp;di ogni appartenenza politica, tra cui l\u2019allora procuratore generale di Trump Bill Barr, il vicepresidente non ha questo potere.<\/em><\/p>\n\n\n\n<p><strong>Il presunto informatore dell\u2019FBI Ray Epps non \u00e8 stato sentito dalla commissione della Camera sui fatti del 6 gennaio 2021&nbsp;<\/strong><\/p>\n\n\n\n<p>Durante una puntata dell\u201911 giugno 2022 di \u201cSaturday Agenda\u201d, l\u2019ospite Ken Timmerman, presidente e amministratore delegato della Fondazione per la Democrazia in Iran, ha posto alcune domande su Ray Epps, uno dei partecipanti alla protesta del Campidoglio. Tra queste, Timmerman ha chiesto: \u201cChi \u00e8 Ray Epps? Cosa stava facendo per guidare la protesta? Come mai non \u00e8 mai stato arrestato? \u00c8 un informatore dell\u2019FBI?\u201d. Timmerman ha aggiunto,&nbsp;<a href=\"https:\/\/www.factcheck.org\/2022\/01\/jan-6-conspiracy-theory-centers-on-baseless-claim-about-ray-epps\/\" target=\"_blank\" rel=\"noreferrer noopener\">in modo impreciso<\/a>: \u201cQueste domande non sono mai state poste dalla commissione sul 6 gennaio\u201d.&nbsp;<\/p>\n\n\n\n<p>\u274c&nbsp;<strong>Smentita:&nbsp;<\/strong><em>Il comitato ristretto sul 6 gennaio ha condotto un\u2019intervista con Epps nel novembre 2021. Secondo quanto riferito da un portavoce, Epps&nbsp;<\/em><a href=\"https:\/\/www.politico.com\/minutes\/congress\/01-11-2022\/1-6-conspiracy-disproved\/\" target=\"_blank\" rel=\"noreferrer noopener\"><em>ha&nbsp;<\/em><em>dichiarato<\/em><\/a><em>&nbsp;di non essere \u201cmai stato un informatore dell\u2019FBI o di qualsiasi altra agenzia delle forze dell\u2019ordine\u201d.<\/em><\/p>\n\n\n\n<p><strong>Il film \u201c2000 Mules\u201d dimostra che le elezioni del 2020 sono \u201cmolto sospette\u201d<\/strong><\/p>\n\n\n\n<p>Durante una puntata del 28 giugno 2022 di \u201cSpicer &amp; Co\u201d, l\u2019ex addetto stampa della Casa Bianca di Trump e presentatore Sean Spicer ha intervistato il deputato repubblicano del Texas Brian Babin, che ha dichiarato: \u201cLe elezioni hanno delle conseguenze, ed \u00e8 quello che \u00e8 successo nel 2020 dopo delle elezioni molto strane, molto anomale \u2013 e se avete visto \u20182000 Mules\u2019, molto sospette \u2013 che sono state imposte al popolo americano\u201d.&nbsp;<\/p>\n\n\n\n<p>\u274c&nbsp;<strong>Smentita:&nbsp;<\/strong><em>Gli esperti hanno dichiarato a numerose testate giornalistiche, tra cui&nbsp;<\/em><a href=\"https:\/\/www.reuters.com\/article\/factcheck-usa-mules\/fact-check-does-2000-mules-provide-evidence-of-voter-fraud-in-the-2020-u-s-presidential-election-idUSL2N2XJ0OQ\" target=\"_blank\" rel=\"noreferrer noopener\"><em>Reuters<\/em><\/a><em>&nbsp;e&nbsp;<\/em><a href=\"https:\/\/thedispatch.com\/p\/fact-checking-dinesh-dsouzas-2000\" target=\"_blank\" rel=\"noreferrer noopener\"><em>The Dispatch<\/em><\/a><em>, che \u201c2000 Mules\u201d si basa su dati di geolocalizzazione che presentano grossi limiti, e quindi non pu\u00f2 essere utilizzato per dimostrare che ci siano state attivit\u00e0 fraudolente nelle elezioni del 2020. Il filmato si limita a fare delle speculazioni su alcune persone immortalate nei filmati di sorveglianza mentre consegnano delle schede elettorali, ma non dimostra che questi individui hanno effettivamente truccato le elezioni per favorire Joe Biden. L\u2019ex procuratore generale Bill Barr ha descritto i risultati del documentario come&nbsp;<\/em><a href=\"https:\/\/www.poynter.org\/fact-checking\/2022\/attorney-general-bill-barr-trump-2000-mules-voter-fraud\/\" target=\"_blank\" rel=\"noreferrer noopener\"><em>\u201cdel tutto insignificanti\u201d<\/em><\/a><em>&nbsp;durante una sua testimonianza davanti alla commissione della Camera sul 6 gennaio.<\/em><\/p>\n\n\n\n<figure class=\"wp-block-image size-full\"><img loading=\"lazy\" decoding=\"async\" width=\"848\" height=\"478\" src=\"https:\/\/www.idmo.it\/wp-content\/uploads\/2022\/07\/Newsmax-3.png\" alt=\"\" class=\"wp-image-181877\" srcset=\"https:\/\/www.idmo.it\/wp-content\/uploads\/2022\/07\/Newsmax-3.png 848w, https:\/\/www.idmo.it\/wp-content\/uploads\/2022\/07\/Newsmax-3-300x169.png 300w, https:\/\/www.idmo.it\/wp-content\/uploads\/2022\/07\/Newsmax-3-768x433.png 768w, https:\/\/www.idmo.it\/wp-content\/uploads\/2022\/07\/Newsmax-3-24x14.png 24w, https:\/\/www.idmo.it\/wp-content\/uploads\/2022\/07\/Newsmax-3-36x20.png 36w, https:\/\/www.idmo.it\/wp-content\/uploads\/2022\/07\/Newsmax-3-48x27.png 48w\" sizes=\"(max-width: 848px) 100vw, 848px\" \/><figcaption>Durante un&#8217;intervista del 30 giugno 2022 con il presentatore di Newsmax John Bachman, l&#8217;ex presidente Trump ha definito le elezioni del 2020 &#8220;truccate&#8221; e &#8220;rubate&#8221;. (Screenshot di NewsGuard dal canale YouTube di Newsmax)<\/figcaption><\/figure>\n\n\n\n<p><strong>In generale, le elezioni del 2020 sono state \u201crubate\u201d, \u201ctruccate\u201d o caratterizzate da frodi su larga scala&nbsp;<\/strong><\/p>\n\n\n\n<p>NewsGuard ha rilevato che Newsmax ha diffuso questa affermazione&nbsp;<strong>dodici volte<\/strong>&nbsp;durante le trasmissioni mandate in onda tra il 9 giugno e il 30 giugno 2022:<\/p>\n\n\n\n<ul class=\"wp-block-list\"><li>In una puntata del 14 giugno 2022 di \u201cPrime News\u201d, l\u2019ospite Kari Lake, candidata repubblicana alla carica di governatrice dell\u2019Arizona, ha dichiarato: \u201cA causa di Joe Biden, e francamente a causa di un\u2019elezione corrotta e rubata, hanno messo Joe Biden alla Casa Bianca, e ora dobbiamo gestire una situazione disastrosa sul confine\u201d.<\/li><li>In una puntata del 23 giugno 2022 del \u201cChris Salcedo Show\u201d, l\u2019ospite Ken Paxton, procuratore generale del Texas, ha dichiarato: \u201cSo per certo che ci sono stati brogli elettorali in Texas. So cosa hanno provato a fare in Texas, cercando di spedire letteralmente milioni di schede elettorali illegali in diverse contee democratiche che avrebbero influenzato le elezioni. So che non \u00e8 un discorso popolare, ma questa \u00e8 la realt\u00e0 di ci\u00f2 che \u00e8 accaduto nel mio Stato e mi sembra che sia accaduto anche in altri Stati come la Georgia, l\u2019Arizona e la Pennsylvania\u201d.&nbsp;<\/li><li>In una puntata del 29 giugno 2022 di \u201cJohn Bachman Now\u201d, l\u2019ospite Kari Lake ha detto che la commissione della Camera sul 6 gennaio \u201cdovrebbe parlare delle elezioni rubate, ma si rifiutano di affrontare il discorso. La commissione potrebbe fornire prove reali per mostrare alla gente cosa \u00e8 successo il 3 novembre, quando ci \u00e8 stato rubato il voto, ma si rifiutano di farlo\u201d.&nbsp;<\/li><li>In un\u2019intervista andata in onda nei programmi \u201cWake Up America\u201d e \u201cJohn Bachmann Now\u201d il 30 giugno 2022, l\u2019ex presidente Trump ha definito le elezioni \u201ctruccate\u201d e \u201crubate\u201d.<\/li><\/ul>\n\n\n\n<p>\u274c&nbsp;<strong>Smentita:&nbsp;<\/strong><em>Non ci sono prove che le elezioni del 2020 siano state \u201crubate\u201d: secondo&nbsp;<\/em><a href=\"https:\/\/www.nytimes.com\/2020\/11\/10\/us\/politics\/voting-fraud.html\" target=\"_blank\" rel=\"noreferrer noopener\"><em>il New York Times<\/em><\/a><em>, i pi\u00f9 alti funzionari elettorali di tutti i 50 Stati hanno affermato l\u2019integrit\u00e0 delle elezioni e numerosi funzionari federali e osservatori indipendenti sono giunti alla stessa conclusione. In una&nbsp;<\/em><a href=\"https:\/\/www.cisa.gov\/news\/2020\/11\/12\/joint-statement-elections-infrastructure-government-coordinating-council-election\" target=\"_blank\" rel=\"noreferrer noopener\"><em>dichiarazione&nbsp;<\/em><\/a><em>del 12 novembre 2020, l\u2019Agenzia statunitense per la sicurezza informatica e delle infrastrutture (CISA), che fa parte del Department of Homeland Security, ha definito le elezioni del 2020 \u201cle pi\u00f9 sicure della storia americana\u201d, affermando: \u201cNon ci sono prove che nessun sistema di voto abbia cancellato o perso voti, cambiato voti o sia stato in qualche modo compromesso\u201d. L\u2019allora procuratore generale William Barr ha dichiarato all\u2019Associated Press il primo dicembre 2020 che \u201cnon abbiamo assistito a frodi su scala tale da poter determinare un esito diverso delle elezioni\u201d.<\/em><\/p>\n\n\n\n<p>Newsmax non ha risposto a una richiesta di commento da parte di NewsGuard in merito alle affermazioni appena citate. In risposta a un\u2019altra richiesta di NewsGuard nell\u2019aprile 2022, l\u2019amministratore delegato e direttore editoriale di Newsmax Christopher Ruddy aveva risposto: \u201cChiediamo che Newsguard smetta di inviare email a Newsmax. Crediamo che Newsguard abbia un pregiudizio molto liberale e non vediamo le vostre valutazioni come neutrali o corrette. Vi preghiamo di avvisare il vostro team di non inviarci pi\u00f9 domande. Non risponderemo\u201d.<\/p>\n\n\n\n<p>Il 9 giugno 2022, Newsmax ha rilasciato&nbsp;<a href=\"https:\/\/www.newsmax.com\/newsfront\/jan-6-hearing-probe-trump-democrats\/2022\/06\/09\/id\/1073671\/\" target=\"_blank\" rel=\"noreferrer noopener\">un comunicato stampa<\/a>&nbsp;prima della prima udienza della commissione sul 6 gennaio, in cui ha dichiarato: \u201cQuesto \u00e8 un importante evento di cronaca e per questo motivo Newsmax lo trasmetter\u00e0 in diretta. Inoltre, sar\u00e0 anche importante per noi assicurarci che il pubblico sia consapevole di qualsiasi pregiudizio di parte che risulti dall\u2019udienza\u201d.<\/p>\n\n\n\n<p>Pur non avendo la stessa diffusione di Fox News, Newsmax viene trasmesso dalla maggior parte dei principali provider via cavo e via satellite, tra cui Comcast, DirecTV, Verizon Fios, Optimum, AT&amp;T e Dish. Il canale \u00e8 disponibile anche attraverso i servizi di streaming come Roku, Sling TV, Amazon Fire TV e Pluto TV.<\/p>\n\n\n\n<p>Leggi il report <a href=\"https:\/\/www.newsguardtech.com\/it\/misinformation-monitor\/luglio-2022\/\" target=\"_blank\" aria-label=\"undefined (apri in una nuova scheda)\" rel=\"noreferrer noopener\">QUI<\/a><\/p>\n\n\n\n<p><em>A cura di&nbsp;<a href=\"https:\/\/www.newsguardtech.com\/about\/team\/jack-brewster\/\" target=\"_blank\" rel=\"noreferrer noopener\">Jack Brewster<\/a>,&nbsp;<a href=\"https:\/\/www.newsguardtech.com\/about\/team\/coalter-palmer\/\" target=\"_blank\" rel=\"noreferrer noopener\">Coalter Palmer<\/a>&nbsp;e&nbsp;<a href=\"https:\/\/www.newsguardtech.com\/about\/team\/lorenzo-arvanitis\/\" target=\"_blank\" rel=\"noreferrer noopener\">Lorenzo Arvanitis<\/a><\/em><\/p>\n","protected":false},"excerpt":{"rendered":"<p>Newsmax presenta una versione delle udienze sull\u2019assalto al Campidoglio degli Stati Uniti del 6 gennaio 2021 talmente intrisa di falsit\u00e0 da assomigliare al resoconto fatto dalla televisione di stato russa sulla guerra in Ucraina<\/p>\n","protected":false},"author":132,"featured_media":181883,"comment_status":"closed","ping_status":"closed","sticky":false,"template":"","format":"standard","meta":{"_acf_changed":false,"footnotes":""},"categories":[4378],"tags":[1484,4542,1418,1419,4620,4723,287,288,289],"class_list":["post-181873","post","type-post","status-publish","format-standard","has-post-thumbnail","hentry","category-blog","tag-campidoglio","tag-capitol-hill","tag-disinformazione","tag-fake-news","tag-newsguard","tag-newsmax","tag-stati-uniti","tag-trump","tag-usa"],"acf":{"share_this_post_to_edmo_website":false,"type_of_post":false,"options_for_news_post":{"":""},"options_for_event_post":{"event_start_date":null,"event_end_date":null,"event_location":"","event_programme":""},"options_for_report_post":{"post_author":"","report_type":false,"report_pdf_link":""},"options_for_investigation_post":{"post_author":""},"affiliation":false},"_links":{"self":[{"href":"https:\/\/www.idmo.it\/en\/wp-json\/wp\/v2\/posts\/181873","targetHints":{"allow":["GET"]}}],"collection":[{"href":"https:\/\/www.idmo.it\/en\/wp-json\/wp\/v2\/posts"}],"about":[{"href":"https:\/\/www.idmo.it\/en\/wp-json\/wp\/v2\/types\/post"}],"author":[{"embeddable":true,"href":"https:\/\/www.idmo.it\/en\/wp-json\/wp\/v2\/users\/132"}],"replies":[{"embeddable":true,"href":"https:\/\/www.idmo.it\/en\/wp-json\/wp\/v2\/comments?post=181873"}],"version-history":[{"count":1,"href":"https:\/\/www.idmo.it\/en\/wp-json\/wp\/v2\/posts\/181873\/revisions"}],"predecessor-version":[{"id":181924,"href":"https:\/\/www.idmo.it\/en\/wp-json\/wp\/v2\/posts\/181873\/revisions\/181924"}],"wp:featuredmedia":[{"embeddable":true,"href":"https:\/\/www.idmo.it\/en\/wp-json\/wp\/v2\/media\/181883"}],"wp:attachment":[{"href":"https:\/\/www.idmo.it\/en\/wp-json\/wp\/v2\/media?parent=181873"}],"wp:term":[{"taxonomy":"category","embeddable":true,"href":"https:\/\/www.idmo.it\/en\/wp-json\/wp\/v2\/categories?post=181873"},{"taxonomy":"post_tag","embeddable":true,"href":"https:\/\/www.idmo.it\/en\/wp-json\/wp\/v2\/tags?post=181873"}],"curies":[{"name":"wp","href":"https:\/\/api.w.org\/{rel}","templated":true}]}}