{"id":181812,"date":"2022-07-12T11:19:40","date_gmt":"2022-07-12T09:19:40","guid":{"rendered":"https:\/\/www.idmo.it\/?p=181812"},"modified":"2022-08-02T09:46:28","modified_gmt":"2022-08-02T07:46:28","slug":"time-lapse-migration-media-futures","status":"publish","type":"post","link":"https:\/\/www.idmo.it\/en\/2022\/07\/12\/time-lapse-migration-media-futures\/","title":{"rendered":"&#8220;Time-lapse migration&#8221;: dipingere una nuova vita nel Metaverso"},"content":{"rendered":"\n<p>\u00abVogliamo dare agli artisti rifugiati la possibilit\u00e0 di avere una voce riconosciuta in ambito culturale, di vendere le loro opere e raccontare le loro storie nei Paesi di destinazione\u00bb. Marc Hernan\u00e0ndez Guell, direttore della start-up \u201c<a href=\"https:\/\/latempesta.cc\/eng.html\" target=\"_blank\" rel=\"noreferrer noopener\">La Tempesta<\/a>\u201d di Barcellona, racconta cos\u00ec il progetto \u201cTime-lapse migration\u201d, sviluppato insieme al duo artistico Varvara and Maar, nell\u2019ambito del progetto <a href=\"https:\/\/mediafutures.eu\/projects\/time-lapse-migration\/\" target=\"_blank\" rel=\"noreferrer noopener\">MediaFutures<\/a>. Da anni la sua attivit\u00e0 si occupa di sviluppare progetti che riguardano il digitale e la tutela del patrimonio culturale.&nbsp;\u00abPensiamo che il fenomeno migratorio, per essere compreso fino in fondo dalla societ\u00e0, vada analizzato da una prospettiva pi\u00f9 ampia\u00bb continua Guell.&nbsp;&nbsp;<\/p>\n\n\n\n<div class=\"wp-block-image\"><figure class=\"aligncenter size-large\"><img fetchpriority=\"high\" decoding=\"async\" width=\"567\" height=\"566\" src=\"https:\/\/www.idmo.it\/wp-content\/uploads\/2022\/07\/WhatsApp-Image-2022-07-11-at-18.32.24.jpeg\" alt=\"\" class=\"wp-image-181816\" srcset=\"https:\/\/www.idmo.it\/wp-content\/uploads\/2022\/07\/WhatsApp-Image-2022-07-11-at-18.32.24.jpeg 567w, https:\/\/www.idmo.it\/wp-content\/uploads\/2022\/07\/WhatsApp-Image-2022-07-11-at-18.32.24-300x300.jpeg 300w, https:\/\/www.idmo.it\/wp-content\/uploads\/2022\/07\/WhatsApp-Image-2022-07-11-at-18.32.24-150x150.jpeg 150w, https:\/\/www.idmo.it\/wp-content\/uploads\/2022\/07\/WhatsApp-Image-2022-07-11-at-18.32.24-24x24.jpeg 24w, https:\/\/www.idmo.it\/wp-content\/uploads\/2022\/07\/WhatsApp-Image-2022-07-11-at-18.32.24-36x36.jpeg 36w, https:\/\/www.idmo.it\/wp-content\/uploads\/2022\/07\/WhatsApp-Image-2022-07-11-at-18.32.24-48x48.jpeg 48w\" sizes=\"(max-width: 567px) 100vw, 567px\" \/><\/figure><\/div>\n\n\n\n<p>\u201cTime-lapse <a aria-label=\"undefined (apri in una nuova scheda)\" href=\"https:\/\/www.idmo.it\/2022\/01\/31\/la-mappa-dei-migranti\/\" target=\"_blank\" rel=\"noreferrer noopener\">migration<\/a>\u201d \u00e8 un diviso in due sezioni parallele. La prima comprende un sito web dove, grazie all\u2019aiuto di sociologi ed esperti di migrazione, \u00e8 stata costruita una pagina in cui si analizzano i principali concetti legati al fenomeno migratorio. \u00abQuesta parte del progetto aggiunge una nuova risorsa sul web, un punto di vista innovativo sulla storia di queste persone. La parte introduttiva del sito \u00e8 molto ragionata e curata. Pu\u00f2 diventare una fonte di informazioni di prima mano basate su un minuzioso lavoro di ricerca. Tutto questo bilancia i vuoti di informazione che esistono&nbsp;da anni su questa materia. Se esiste poca consapevolezza sui temi che riguardano il fenomeno delle migrazioni forzate e dei rifugiati, sar\u00e0 pi\u00f9 semplice il diffondersi di disinformazione\u00bb.&nbsp;<\/p>\n\n\n\n<p>La seconda sezione del progetto riguarda lo sviluppo, da parte di \u201cLa Tempesta\u201d, di una piattaforma online per l\u2019organizzazione di mostre e la compravendita di opere d\u2019arte. \u00abQuesta \u00e8 la parte di \u201ctime lapse migration\u201d in cui entrano in gioco gli artisti. La piattaforma si propone di esaminare come l\u2019arte sta reagendo a questo tipo di fenomeni, di approfondire la prospettiva dei singoli artisti e le loro opinioni. Crediamo che il movimento di persone porti a delle contaminazioni anche nelle loro pratiche artistiche e pensiamo che la costruzione di questo portale online sia un modo per dare una voce nuova e potente ai rifugiati\u00bb.&nbsp;<\/p>\n\n\n\n<figure class=\"wp-block-image size-large\"><img decoding=\"async\" width=\"1024\" height=\"467\" src=\"https:\/\/www.idmo.it\/wp-content\/uploads\/2022\/07\/PHOTO-2022-07-11-16-40-59-1024x467.jpg\" alt=\"\" class=\"wp-image-181814\" srcset=\"https:\/\/www.idmo.it\/wp-content\/uploads\/2022\/07\/PHOTO-2022-07-11-16-40-59-1024x467.jpg 1024w, https:\/\/www.idmo.it\/wp-content\/uploads\/2022\/07\/PHOTO-2022-07-11-16-40-59-300x137.jpg 300w, https:\/\/www.idmo.it\/wp-content\/uploads\/2022\/07\/PHOTO-2022-07-11-16-40-59-768x350.jpg 768w, https:\/\/www.idmo.it\/wp-content\/uploads\/2022\/07\/PHOTO-2022-07-11-16-40-59-24x11.jpg 24w, https:\/\/www.idmo.it\/wp-content\/uploads\/2022\/07\/PHOTO-2022-07-11-16-40-59-36x16.jpg 36w, https:\/\/www.idmo.it\/wp-content\/uploads\/2022\/07\/PHOTO-2022-07-11-16-40-59-48x22.jpg 48w, https:\/\/www.idmo.it\/wp-content\/uploads\/2022\/07\/PHOTO-2022-07-11-16-40-59.jpg 1349w\" sizes=\"(max-width: 1024px) 100vw, 1024px\" \/><\/figure>\n\n\n\n<p>\u00abLe Ong sono fondamentali per entrare in contatto con i rifugiati. Grazie a loro, che lavorano ogni giorno a stretto contatto con i potenziali protagonisti di \u201ctime lapse\u201d, possiamo scoprire e venire a contatto con storie interessanti\u00bb spiega Guell.&nbsp;<\/p>\n\n\n\n<p>La <a href=\"https:\/\/zetaluiss.it\/2022\/06\/28\/media-futures-3-d-city\/\" target=\"_blank\" rel=\"noreferrer noopener\">piattaforma online<\/a> \u00e8 la parte pi\u00f9 innovativa di \u201ctime lapse migration\u201d.&nbsp;\u00abPer l\u2019organizzazione delle mostre degli artisti rifugiati abbiamo coinvolto il duo artistico \u201cVarvara and Mar\u201d, specializzato in pratiche digitali. In questo caso gli artisti svolgono un lavoro editoriale, decidendo come saranno disposte e organizzate le opere dei rifugiati\u00bb.&nbsp;<\/p>\n\n\n\n<p>\u00abStiamo sviluppando uno spazio nel Metaverso, sia per l\u2019organizzazione delle mostre, che per la compravendita delle opere d\u2019arte\u00bb. Guell racconta che l\u2019idea di permettere agli artisti di rafforzare la propria immagine e rendere pi\u00f9 visibile il loro lavoro, tramite la vendita delle loro opere sulla piattaforma, \u00e8 arrivata con lo scoppio della guerra in Ucraina. \u00abVolevamo fare qualcosa che potesse dare un aiuto concreto ai creativi che fuggivano dal conflitto\u00bb.&nbsp;<\/p>\n\n\n\n<p>\u00abL\u2019aspetto pi\u00f9 innovativo riguarda il fatto che la compravendita delle opere d\u2019arte avverr\u00e0 tramite NFT. Quelli utilizzati sulla piattaforma si chiamano \u201ctezos\u201d, sono non speculativi e non inquinano\u00bb.&nbsp;<\/p>\n\n\n\n<figure class=\"wp-block-image size-large\"><img decoding=\"async\" width=\"1024\" height=\"577\" src=\"https:\/\/www.idmo.it\/wp-content\/uploads\/2022\/07\/WhatsApp-Image-2022-07-11-at-18.32.30-1024x577.jpeg\" alt=\"\" class=\"wp-image-181817\" srcset=\"https:\/\/www.idmo.it\/wp-content\/uploads\/2022\/07\/WhatsApp-Image-2022-07-11-at-18.32.30-1024x577.jpeg 1024w, https:\/\/www.idmo.it\/wp-content\/uploads\/2022\/07\/WhatsApp-Image-2022-07-11-at-18.32.30-300x169.jpeg 300w, https:\/\/www.idmo.it\/wp-content\/uploads\/2022\/07\/WhatsApp-Image-2022-07-11-at-18.32.30-768x433.jpeg 768w, https:\/\/www.idmo.it\/wp-content\/uploads\/2022\/07\/WhatsApp-Image-2022-07-11-at-18.32.30-1536x866.jpeg 1536w, https:\/\/www.idmo.it\/wp-content\/uploads\/2022\/07\/WhatsApp-Image-2022-07-11-at-18.32.30-24x14.jpeg 24w, https:\/\/www.idmo.it\/wp-content\/uploads\/2022\/07\/WhatsApp-Image-2022-07-11-at-18.32.30-36x20.jpeg 36w, https:\/\/www.idmo.it\/wp-content\/uploads\/2022\/07\/WhatsApp-Image-2022-07-11-at-18.32.30-48x27.jpeg 48w, https:\/\/www.idmo.it\/wp-content\/uploads\/2022\/07\/WhatsApp-Image-2022-07-11-at-18.32.30.jpeg 1600w\" sizes=\"(max-width: 1024px) 100vw, 1024px\" \/><\/figure>\n\n\n\n<p>Dopo la presentazione del progetto, \u201cLa Tempesta\u201d ha ricevuto molte richieste da parte di istituzioni culturali per poter utilizzare la piattaforma per vendere le proprie opere. \u00abDopo \u201ctime lapse migration\u201d la piattaforma potr\u00e0 continuare a esistere e a essere utilizzata anche da musei e altre istituzioni. Diventer\u00e0 un progetto sostenibile nel tempo e potr\u00e0 avere nuovi usi\u00bb.&nbsp;<\/p>\n\n\n\n<p>Le opere che vengono esposte su \u201ctime lapse\u201d raccontano il viaggio dei migranti, sfatano miti e false credenze sulle loro storie, ma soprattutto permettono agli artisti di rendersi indipendenti economicamente. Grazie al progetto i rifugiati potranno sfruttare le piattaforme digitali per vendere le proprie opere, essere conosciuti e apprezzati nei Paesi dove sono fuggiti e stanno tentando di costruire una nuova vita.&nbsp;<\/p>\n\n\n\n<p><em>Articolo di Beatrice Offidani, studentessa del&nbsp;<a href=\"https:\/\/zetaluiss.it\/\">Master<\/a>&nbsp;in Giornalismo e Comunicazione Multimediale dell\u2019Universit\u00e0 Luiss Guido Carli<\/em><\/p>\n","protected":false},"excerpt":{"rendered":"<p>Time-lapse migration \u00e8 il progetto di MediaFutures che permette ad artisti migranti di emanciparsi economicamente e costruirsi una nuova vita<\/p>\n","protected":false},"author":132,"featured_media":181815,"comment_status":"closed","ping_status":"closed","sticky":false,"template":"","format":"standard","meta":{"_acf_changed":false,"footnotes":""},"categories":[2616],"tags":[2605,4655,4715,809,2815],"class_list":["post-181812","post","type-post","status-publish","format-standard","has-post-thumbnail","hentry","category-approfondimenti","tag-arte","tag-media-futures","tag-metaverso","tag-migranti","tag-rifugiati"],"acf":{"share_this_post_to_edmo_website":false,"type_of_post":false,"options_for_news_post":{"":""},"options_for_event_post":{"event_start_date":null,"event_end_date":null,"event_location":"","event_programme":""},"options_for_report_post":{"post_author":"","report_type":false,"report_pdf_link":""},"options_for_investigation_post":{"post_author":""},"affiliation":false},"_links":{"self":[{"href":"https:\/\/www.idmo.it\/en\/wp-json\/wp\/v2\/posts\/181812","targetHints":{"allow":["GET"]}}],"collection":[{"href":"https:\/\/www.idmo.it\/en\/wp-json\/wp\/v2\/posts"}],"about":[{"href":"https:\/\/www.idmo.it\/en\/wp-json\/wp\/v2\/types\/post"}],"author":[{"embeddable":true,"href":"https:\/\/www.idmo.it\/en\/wp-json\/wp\/v2\/users\/132"}],"replies":[{"embeddable":true,"href":"https:\/\/www.idmo.it\/en\/wp-json\/wp\/v2\/comments?post=181812"}],"version-history":[{"count":1,"href":"https:\/\/www.idmo.it\/en\/wp-json\/wp\/v2\/posts\/181812\/revisions"}],"predecessor-version":[{"id":182013,"href":"https:\/\/www.idmo.it\/en\/wp-json\/wp\/v2\/posts\/181812\/revisions\/182013"}],"wp:featuredmedia":[{"embeddable":true,"href":"https:\/\/www.idmo.it\/en\/wp-json\/wp\/v2\/media\/181815"}],"wp:attachment":[{"href":"https:\/\/www.idmo.it\/en\/wp-json\/wp\/v2\/media?parent=181812"}],"wp:term":[{"taxonomy":"category","embeddable":true,"href":"https:\/\/www.idmo.it\/en\/wp-json\/wp\/v2\/categories?post=181812"},{"taxonomy":"post_tag","embeddable":true,"href":"https:\/\/www.idmo.it\/en\/wp-json\/wp\/v2\/tags?post=181812"}],"curies":[{"name":"wp","href":"https:\/\/api.w.org\/{rel}","templated":true}]}}