{"id":181539,"date":"2022-05-11T15:37:52","date_gmt":"2022-05-11T13:37:52","guid":{"rendered":"https:\/\/www.idmo.it\/?p=181539"},"modified":"2023-02-15T17:06:32","modified_gmt":"2023-02-15T16:06:32","slug":"discorso-putin","status":"publish","type":"post","link":"https:\/\/www.idmo.it\/en\/2022\/05\/11\/discorso-putin\/","title":{"rendered":"\u00abCi si aspettava troppo dal discorso di Putin\u00bb. La prof.ssa Carolina De Stefano commenta l&#8217;evento del 9 maggio"},"content":{"rendered":"\n<p>\u00ab<strong>Ci si aspettava troppo da questo momento. Si percepiva molta attesa tra i media su quello che sarebbe stato annunciato<\/strong>\u00bb. Cos\u00ec<strong>\u00a0Carolina de Stefano<\/strong>, professoressa di storia e cultura russa alla Luiss Guido Carli, commenta le ultime affermazioni di Putin.\u00a0<strong>La parata in occasione del giorno della Vittoria si \u00e8 appena conclusa<\/strong>. \u00c8 un discorso difensivo, che ridimensiona termini e contenuti, quello che il presidente della Federazione Russa ha tenuto di fronte ai militari e ai pi\u00f9 alti gradi dell\u2019esercito.<\/p>\n\n\n\n<p><strong>Il <a href=\"https:\/\/www.idmo.it\/2022\/02\/25\/la-guerra-di-putin-tra-disinformazione-e-propaganda\/\" target=\"_blank\" aria-label=\"undefined (apri in una nuova scheda)\" rel=\"noreferrer noopener\">leader del Cremlino<\/a> non \u00e8 mai sembrato pi\u00f9 in difficolt\u00e0 di cos\u00ec.<\/strong>&nbsp;I veterani 1941-1945 sono schierati dietri di lui, le facce serissime. Sarebbe dovuto essere un<a href=\"https:\/\/tg24.sky.it\/mondo\/2022\/05\/09\/discorso-putin-9-maggio-parata-video\" target=\"_blank\" rel=\"noreferrer noopener\">&nbsp;discorso storico<\/a>&nbsp;in una giornata, quella del 9 maggio, che rappresenta la resa dei nazisti nel 1945 ed \u00e8 diventata una delle celebrazioni pi\u00f9 importanti per il regime.<\/p>\n\n\n\n<p>\u00abSe i russi avessero ottenuto delle vittorie concrete ed evidenti avrebbero potuto usare la giornata come occasione per vantarsene. Non \u00e8 andata cos\u00ec.&nbsp;<strong>Quello che il discorso rivela \u00e8 che i successi che Putin avrebbe potuto annunciare in questa occasione non ci sono stati<\/strong>\u00bb.<strong>&nbsp;L\u2019operazione militare speciale non \u00e8 diventata &#8220;mobilitazione nazionale&#8221;.&nbsp;<\/strong>La differenza non \u00e8 scontata, nel caso Putin avesse dichiarato formalmente guerra avrebbe potuto far combattere esperti di leva e chiamare centinaia di migliaia di persone a combattere. Per ora invece l\u2019operazione speciale ha scopi e risorse limitate.<\/p>\n\n\n\n<p>&nbsp;\u00ab<strong>\u00c8 un passaggio importantissimo perch\u00e9 il regime \u00e8 in difficolt\u00e0 a chiedere alla popolazione uno sforzo pi\u00f9 grande.<\/strong>&nbsp;La paura \u00e8 che potrebbe non esserci sostegno a livello nazionale. Una cosa \u00e8 un supporto (evidenziato da dati e sondaggi molto dubbi) per l\u2019operazione militare speciale di denazificazione, un\u2019altra cosa \u00e8 chiedere a milioni di russi di andare a combattere in maniera ufficiale. Questa mossa non \u00e8 stata fatta e non perch\u00e9 non sia necessaria, ma perch\u00e9 ci sono dei dubbi sulla disponibilit\u00e0 della popolazione\u00bb continua de Stefano.<\/p>\n\n\n\n<p>Non sono mancati i riferimenti al secondo conflitto mondiale e al parallelo tra le gesta dei veterani americani contro i nazisti e il coraggio dei soldati russi in Ucraina, che il presidente considera come un Paese da denazificare. \u00abPutin fa riferimento a un fenomeno minoritario in una parte delle forze ucraine nazionaliste. Questa non \u00e8 un\u2019aggressione per denazificare nulla perch\u00e9 il presidente considera nazisti tutti quelli che si oppongono alla Russia e all\u2019occupazione russa del Donbass e della Crimea.&nbsp;<strong>Bisogna leggere nella denazificazione una volont\u00e0 di non riconoscere la sovranit\u00e0 ucraina<\/strong>\u00bb prosegue la professoressa. Il presidente ha voluto sottolineare che la Russia aveva sempre voluto mantenere la pace, come durante la seconda guerra mondiale, e che avrebbe voluto continuare a farlo. \u00abIl tono non \u00e8 conciliativo, ma comunque meno guerrafondaio di quanto ci si aspettasse\u00bb.<\/p>\n\n\n\n<p>Nel suo discorso il leader del Cremlino ha di nuovo spiegato le&nbsp;motivazioni dietro l\u2019intervento in Ucraina, dicendo che&nbsp;\u00ab<strong>la Nato e l\u2019Ucraina stavano creando una minaccia \u201cinaccettabile\u201d&nbsp;per la Russia ai suoi confini<\/strong>\u00bb.&nbsp;L\u2019invasione \u00e8 stata presentata come un atto preventivo e necessario. Putin ha accusato la Nato ancora prima che l\u2019Ucraina. Il presidente ha spiegato che la Russia \u00e8 stata costretta ad agire per evitare che l\u2019occidente si attivasse per riconquistare i territori alla frontiera con la Russia. &nbsp;<\/p>\n\n\n\n<p>\u00ab<strong>La retorica difensiva emerge gi\u00e0 da alcune settimane nel racconto dei media, pi\u00f9 di quanto non fosse presente all\u2019inizio della guerra.<\/strong>&nbsp;Il presidente Putin riprende il legame con la seconda guerra mondiale, dove la Russia si era davvero difesa dall\u2019invasore. \u00c8 un artificio retorico per creare una continuit\u00e0 storica, ma serve anche a tentare di giustificare l\u2019attacco all\u2019<strong>Ucraina<\/strong>&nbsp;che giustificabile non \u00e8. L\u2019operazione russa \u00e8 stata venduta alla popolazione come una risposta a un\u2019invasione che non c\u2019\u00e8 mai stata\u00bb spiega de Stefano.<\/p>\n\n\n\n<p><strong>Putin non pronuncia mai la parola \u201cUcraina\u201d, nemmeno una volta.&nbsp;<\/strong>Ora il suo \u00e8 un attacco contro l\u2019occidente e la Nato. Il Paese invaso passa in secondo piano, \u00e8 spersonalizzato. \u00abNonostante Putin abbia sempre presentato l\u2019invasione come una guerra contro gli Stati Uniti e l\u2019occidente, all\u2019inizio faceva affermazioni molto pi\u00f9 forti. Diceva: \u201cAndremo nel Donbass a fare un\u2019operazione speciale per denazificare il Paese\u201d. Si \u00e8 poi passati al definirlo un conflitto difensivo contro l\u2019occidente che attacca.<strong>&nbsp;Questa \u00e8 sia la retorica putiniana di sempre, sia il risultato della prima parte della campagna che non \u00e8 andata come il presidente si augurava<\/strong>\u00bb conclude De Stefano.<\/p>\n\n\n\n<p><em>Articolo di <a href=\"http:\/\/zetaluiss.it\/author\/beatriceoffidani\" target=\"_blank\" aria-label=\"undefined (apri in una nuova scheda)\" rel=\"noreferrer noopener\">Beatrice Offidani<\/a>, studentessa del&nbsp;<a href=\"https:\/\/zetaluiss.it\/\" target=\"_blank\" rel=\"noreferrer noopener\">Master in Giornalismo<\/a>&nbsp;e Comunicazione Multimediale dell\u2019Universit\u00e0 Luiss Guido Carli<\/em>.<\/p>\n","protected":false},"excerpt":{"rendered":"<p>La docente di storia e cultura russa all&#8217;universit\u00e0 Luiss &#8220;Guido Carli&#8221; spiega cosa non ha funzionato nel discorso in occasione della parata del Giorno della Vittoria a Mosca<\/p>\n","protected":false},"author":132,"featured_media":181540,"comment_status":"closed","ping_status":"closed","sticky":false,"template":"","format":"standard","meta":{"_acf_changed":false,"footnotes":""},"categories":[4808],"tags":[1418,2186,217,4600,4613],"class_list":["post-181539","post","type-post","status-publish","format-standard","has-post-thumbnail","hentry","category-guerra-in-ucraina","tag-disinformazione","tag-putin","tag-russia","tag-ucraina","tag-zelensky"],"acf":{"share_this_post_to_edmo_website":false,"type_of_post":false,"options_for_news_post":{"":""},"options_for_event_post":{"event_start_date":null,"event_end_date":null,"event_location":"","event_programme":""},"options_for_report_post":{"post_author":"","report_type":false,"report_pdf_link":""},"options_for_investigation_post":{"post_author":""},"affiliation":false},"_links":{"self":[{"href":"https:\/\/www.idmo.it\/en\/wp-json\/wp\/v2\/posts\/181539","targetHints":{"allow":["GET"]}}],"collection":[{"href":"https:\/\/www.idmo.it\/en\/wp-json\/wp\/v2\/posts"}],"about":[{"href":"https:\/\/www.idmo.it\/en\/wp-json\/wp\/v2\/types\/post"}],"author":[{"embeddable":true,"href":"https:\/\/www.idmo.it\/en\/wp-json\/wp\/v2\/users\/132"}],"replies":[{"embeddable":true,"href":"https:\/\/www.idmo.it\/en\/wp-json\/wp\/v2\/comments?post=181539"}],"version-history":[{"count":1,"href":"https:\/\/www.idmo.it\/en\/wp-json\/wp\/v2\/posts\/181539\/revisions"}],"predecessor-version":[{"id":183016,"href":"https:\/\/www.idmo.it\/en\/wp-json\/wp\/v2\/posts\/181539\/revisions\/183016"}],"wp:featuredmedia":[{"embeddable":true,"href":"https:\/\/www.idmo.it\/en\/wp-json\/wp\/v2\/media\/181540"}],"wp:attachment":[{"href":"https:\/\/www.idmo.it\/en\/wp-json\/wp\/v2\/media?parent=181539"}],"wp:term":[{"taxonomy":"category","embeddable":true,"href":"https:\/\/www.idmo.it\/en\/wp-json\/wp\/v2\/categories?post=181539"},{"taxonomy":"post_tag","embeddable":true,"href":"https:\/\/www.idmo.it\/en\/wp-json\/wp\/v2\/tags?post=181539"}],"curies":[{"name":"wp","href":"https:\/\/api.w.org\/{rel}","templated":true}]}}