{"id":180935,"date":"2022-01-21T09:32:53","date_gmt":"2022-01-21T08:32:53","guid":{"rendered":"http:\/\/www.idmo.it\/?p=180935"},"modified":"2022-02-28T15:37:13","modified_gmt":"2022-02-28T14:37:13","slug":"piattaforme-social-e-fake-news-i-rischi-della-deriva-complottista-per-le-societa-democratiche","status":"publish","type":"post","link":"https:\/\/www.idmo.it\/en\/2022\/01\/21\/piattaforme-social-e-fake-news-i-rischi-della-deriva-complottista-per-le-societa-democratiche\/","title":{"rendered":"Piattaforme social e fake news. I rischi della deriva complottista per le societ\u00e0 democratiche"},"content":{"rendered":"\n<p>\u00ab<em>La disinformazione non \u00e8 un tema di cui si devono occupare solo i giornalisti, \u00e8 un problema per la tenuta del Paese<\/em>\u00bb. Cos\u00ec il direttore del Luiss Data Lab, <strong>Gianni Riotta<\/strong>, intervenuto durante il <a href=\"https:\/\/www.fondazionetarantelli.it\/webinar-piattaforme-social-e-fake-news-i-rischi-della-deriva-complottista-per-le-societa-democratiche-quali-contromisure-per-il-sindacato\/\">webinar<\/a> sui social network e le fake news organizzato dalla <strong>Fondazione Ezio Tarantelli <\/strong>e dalla <strong>Cisl<\/strong>.<\/p>\n\n\n\n<p>All\u2019evento moderato da <strong>Nino Sorgi<\/strong>, coordinatore delle attivit\u00e0 internazionali della Cisl, hanno partecipato <strong>sindacalisti<\/strong>, <strong>esperti di digitale <\/strong>e <strong>giornalisti<\/strong>. Al centro del dibattito i rischi del complottismo e le ricadute sulla societ\u00e0.<\/p>\n\n\n\n<p>\u00ab<em>Ciascuno di noi si \u00e8 imbattuto in un parente, collega o amico No Vax. Ormai ci informiamo sui social. Intelligenza artificiale e algoritmi riescono a individuare con precisione se un utente \u00e8 propenso o meno a leggere alcune notizie<\/em>\u00bb, ha detto durante la relazione introduttiva <strong>Ester Crea <\/strong>del coordinamento attivit\u00e0 internazionali della Cisl.<\/p>\n\n\n\n<figure class=\"wp-block-image\"><img decoding=\"async\" src=\"blob:https:\/\/www.idmo.it\/baab701c-1366-4eff-9282-1425d04f7c83\" alt=\"\"\/><\/figure>\n\n\n\n<p>La disinformazione sa chi deve colpire anche grazie alle nuove tecnologie che riescono a <strong>profilare con estrema precisione gli utenti<\/strong>, polarizzandoli su determinati temi. I danni che possono derivarne sono enormi, basti pensare a<strong> Capitol Hill<\/strong> o all\u2019<strong>assalto alla sede della&nbsp;<a href=\"https:\/\/www.repubblica.it\/cronaca\/2021\/10\/10\/news\/attacco_alla_cgil_il_blitz_era_pianificato_i_no_pass_volevano_palazzo_chigi_e_poi_colpire_altre_citta_-321686365\/\">Cgil<\/a>&nbsp;da parte dei&nbsp;No Green pass <\/strong>dello scorso ottobre.<\/p>\n\n\n\n<p><strong>Google, Facebook, Twitter, Instagram, Tik Tok e WhatsApp possiedono i dati di circa 4 miliardi di persone<\/strong>. L\u2019influenza che queste piattaforme hanno sulla nostra societ\u00e0 \u00e8 fortissima.<\/p>\n\n\n\n<p>\u00ab<em>L\u2019algoritmo di Facebook analizzando i \u201cmi piace\u201d e le interazioni conosce un soggetto pi\u00f9 dei genitori o del partner, ha praticamente risolto il dilemma del \u201cconosci te stesso\u201d di Socrate<\/em>\u00bb, ha commentato <strong>Giuseppe Gallo<\/strong>, presidente della Fondazione Ezio Tarantelli.<\/p>\n\n\n\n<h2 class=\"wp-block-heading\">Fake news, le teorie del complotto sono sempre pi\u00f9 virali sui social<\/h2>\n\n\n\n<p>Durante il webinar \u00e8 emerso che a preoccupare sono soprattutto le <strong>teorie complottiste<\/strong> che circolano in rete.<\/p>\n\n\n\n<p>Il <strong>complottismo<\/strong> \u00e8 la tendenza a pensare che la realt\u00e0 sia diversa da come appare e a ricondurre tutto ci\u00f2 che succede all\u2019azione di agenti intenzionali (Big Pharma, George Soros, Bill Gates\u2026), semplificando drasticamente questioni complesse.<\/p>\n\n\n\n<p>Il ruolo dei social network diventa fondamentale per la <strong>propagazione di queste teorie<\/strong>, che il pi\u00f9 delle volte prendono di mira un intero gruppo della popolazione e polarizzano la societ\u00e0, alimentando l&#8217;estremismo violento. Le teorie del complotto diffondono, quindi, <strong>sfiducia nelle istituzioni<\/strong>, nella <strong>medicina<\/strong> e nella <strong>scienza<\/strong>, radicalizzando le persone su determinate posizioni.<\/p>\n\n\n\n<p>\u00ab<em>Non stiamo vincendo la guerra contro la disinformazione e l\u2019abbiamo visto negli ultimi mesi, con la pandemia. Bisogna capire perch\u00e9 la gente crede alle notizie false<\/em>\u00bb, ha concluso il direttore Riotta, ricordando anche <strong>l\u2019impegno della Commissione europea e la creazione di <a href=\"https:\/\/www.idmo.it\/category\/chi-siamo\/\">IDMO<\/a><\/strong>, hub italiano che implementa e supporta le azioni di <a href=\"https:\/\/edmo.eu\/\">EDMO<\/a>, l\u2019Osservatorio europeo contro la disinformazione.<\/p>\n","protected":false},"excerpt":{"rendered":"<p>&#8220;La disinformazione sa chi deve colpire anche grazie alle nuove tecnologie che riescono a profilare con estrema precisione gli utenti&#8221;<\/p>\n","protected":false},"author":132,"featured_media":180936,"comment_status":"closed","ping_status":"closed","sticky":false,"template":"","format":"standard","meta":{"_acf_changed":false,"footnotes":""},"categories":[4378],"tags":[4560],"class_list":["post-180935","post","type-post","status-publish","format-standard","has-post-thumbnail","hentry","category-blog","tag-blog"],"acf":{"share_this_post_to_edmo_website":false,"type_of_post":false,"options_for_news_post":{"":""},"options_for_event_post":{"event_start_date":null,"event_end_date":null,"event_location":"","event_programme":""},"options_for_report_post":{"post_author":"","report_type":false,"report_pdf_link":""},"options_for_investigation_post":{"post_author":""},"affiliation":false},"_links":{"self":[{"href":"https:\/\/www.idmo.it\/en\/wp-json\/wp\/v2\/posts\/180935","targetHints":{"allow":["GET"]}}],"collection":[{"href":"https:\/\/www.idmo.it\/en\/wp-json\/wp\/v2\/posts"}],"about":[{"href":"https:\/\/www.idmo.it\/en\/wp-json\/wp\/v2\/types\/post"}],"author":[{"embeddable":true,"href":"https:\/\/www.idmo.it\/en\/wp-json\/wp\/v2\/users\/132"}],"replies":[{"embeddable":true,"href":"https:\/\/www.idmo.it\/en\/wp-json\/wp\/v2\/comments?post=180935"}],"version-history":[{"count":0,"href":"https:\/\/www.idmo.it\/en\/wp-json\/wp\/v2\/posts\/180935\/revisions"}],"wp:featuredmedia":[{"embeddable":true,"href":"https:\/\/www.idmo.it\/en\/wp-json\/wp\/v2\/media\/180936"}],"wp:attachment":[{"href":"https:\/\/www.idmo.it\/en\/wp-json\/wp\/v2\/media?parent=180935"}],"wp:term":[{"taxonomy":"category","embeddable":true,"href":"https:\/\/www.idmo.it\/en\/wp-json\/wp\/v2\/categories?post=180935"},{"taxonomy":"post_tag","embeddable":true,"href":"https:\/\/www.idmo.it\/en\/wp-json\/wp\/v2\/tags?post=180935"}],"curies":[{"name":"wp","href":"https:\/\/api.w.org\/{rel}","templated":true}]}}