{"id":180906,"date":"2022-01-12T15:27:15","date_gmt":"2022-01-12T14:27:15","guid":{"rendered":"http:\/\/www.idmo.it\/?p=180906"},"modified":"2022-02-03T11:58:25","modified_gmt":"2022-02-03T10:58:25","slug":"kobe-bryant-le-fake-news-diventate-virali-sul-campione-dellnba","status":"publish","type":"post","link":"https:\/\/www.idmo.it\/en\/2022\/01\/12\/kobe-bryant-le-fake-news-diventate-virali-sul-campione-dellnba\/","title":{"rendered":"Kobe Bryant, le fake news diventate virali sul campione dell&#8217;NBA"},"content":{"rendered":"\n<p>Il 20 gennaio 2020 il sito <a href=\"https:\/\/www.corriere.it\/sport\/20_gennaio_27\/kobe-bryant-fake-news-che-ha-annunciato-morte-settimana-prima-1fe61bae-40fe-11ea-a133-84fd84fc9cfa.shtml\">Mediamass<\/a> annuncia: &#8220;Verso le 11 di questa mattina, il nostro amato<strong> Kobe Bryant \u00e8 scomparso<\/strong>&#8220;. Il campione di basket americano era ancora vivo, si trattava di una fake news come capita spesso alle celebrit\u00e0. <\/p>\n\n\n\n<h2 class=\"wp-block-heading\">Kobe Bryant, la fake news sulla sua morte diventa virale<\/h2>\n\n\n\n<p><strong>La fake news viaggi\u00f2 cos\u00ec in fretta da diventare virale sui siti internazionali<\/strong>, causando allarmismi ovunque. Mediamass, poco dopo, smentiva: \u00abLa notizia della morte di Kobe Bryant si \u00e8 diffusa rapidamente a inizio settimana. Per fortuna \u00e8 ora confermata come <strong>bufala totale<\/strong>\u00bb. I siti, che avevano ripreso l&#8217;informazione, fanno marcia indietro, rimuovendo il falso, ma nel frattempo, Il comunicato bugiardo diventa tristemente reale.<\/p>\n\n\n\n<p><strong>Il 26 gennaio 2020<\/strong>, sei giorni dopo, infatti, il campione del basket NBA, sua figlia di tredici anni Gianna Maria e altre sette persone, dopo aver decollato dall&#8217;aeroporto della contea di Orange-John Wayne nello stato della California, precipitarono, schiantandosi nella nebbia sul ciglio di una collina. Il velivolo a causa del forte impatto, prese fuoco. Tutti i passeggeri morirono sul colpo. La comunicazione globale inizia a confondersi, con una sovrapposizione d&#8217;informazioni smisurata. A confermare la verit\u00e0 i quotidiani, tra cui il New York Times.<\/p>\n\n\n\n<p>Kobe Bryant, chiamato con il soprannome di <strong>Black Mamba<\/strong> dai tifosi, per il giornalista televisivo argentino Eduardo Salim Sad, non muore casualmente. &#8220;<em>L&#8217;elicottero Sikorsky S76, di cognome ebraico, uccide Kobe Bryant<\/em>&#8220;, scrive Sad sul suo profilo twitter. Oltre a provocare critiche da parte della comunit\u00e0 ebraica, Sad riesce a ottenere anche tante, preoccupanti, visualizzazioni. Qualche giorno dopo il suo account e il suo tweet scompaiono e l\u2019autore inizia a sostenere che il suo profilo sia stato violato (&#8220;Sono furioso e costernato&#8221;, twitta). Da qui, <strong>l&#8217;ipotesi fasulla di una matrice ebraica dietro l&#8217;incidente, quasi un attentato<\/strong>.<\/p>\n\n\n\n<p>Il caso della fake news su Bryant \u00e8 dunque esempio di come le <strong>notizie vadano non solo verificate attraverso la consultazione di pi\u00f9 fonti e dati<\/strong>, <strong>ma di come <a href=\"https:\/\/www.idmo.it\/2022\/01\/04\/report-igf-cosa-e-emerso-dal-dibattito-sulla-lotta-alla-disinformazione-e-sulle-nuove-sfide-del-digitale\/\">non tutte le informazioni siano affidabili<\/a><\/strong>. La passione dei tifosi per gli assi dello sport li induce a grande attenzione: ecco allora che, a caccia di click o semplicemente per seminare caos, la morte di alcuni di loro sia disseminata ad arte. Nel caso di Kobe Bryant, purtroppo, alla menzogna segu\u00ec il vero.<br><\/p>\n\n\n\n<p><br>Articolo di Caterina Di Terlizzi, studentessa del <a href=\"https:\/\/zetaluiss.it\/\">Master<\/a> in Giornalismo e Comunicazione Multimediale dell&#8217;Universit\u00e0 LUISS Guido Carli<\/p>\n","protected":false},"excerpt":{"rendered":"<p>Il 20 gennaio 2020 il sito Mediamass annuncia: &#8220;Verso le 11 di questa mattina, il nostro amato Kobe Bryant \u00e8 scomparso&#8220;. Il campione di basket americano era ancora vivo, si trattava di una fake news come capita spesso alle celebrit\u00e0. Kobe Bryant, la fake news sulla sua morte diventa virale La fake news viaggi\u00f2 cos\u00ec [&hellip;]<\/p>\n","protected":false},"author":132,"featured_media":180910,"comment_status":"closed","ping_status":"closed","sticky":false,"template":"","format":"standard","meta":{"_acf_changed":false,"footnotes":""},"categories":[4378],"tags":[4560,3891,503],"class_list":["post-180906","post","type-post","status-publish","format-standard","has-post-thumbnail","hentry","category-blog","tag-blog","tag-fakenews-2","tag-kobe-bryant"],"acf":{"share_this_post_to_edmo_website":false,"type_of_post":false,"options_for_news_post":{"":""},"options_for_event_post":{"event_start_date":null,"event_end_date":null,"event_location":"","event_programme":""},"options_for_report_post":{"post_author":"","report_type":false,"report_pdf_link":""},"options_for_investigation_post":{"post_author":""},"affiliation":false},"_links":{"self":[{"href":"https:\/\/www.idmo.it\/en\/wp-json\/wp\/v2\/posts\/180906","targetHints":{"allow":["GET"]}}],"collection":[{"href":"https:\/\/www.idmo.it\/en\/wp-json\/wp\/v2\/posts"}],"about":[{"href":"https:\/\/www.idmo.it\/en\/wp-json\/wp\/v2\/types\/post"}],"author":[{"embeddable":true,"href":"https:\/\/www.idmo.it\/en\/wp-json\/wp\/v2\/users\/132"}],"replies":[{"embeddable":true,"href":"https:\/\/www.idmo.it\/en\/wp-json\/wp\/v2\/comments?post=180906"}],"version-history":[{"count":0,"href":"https:\/\/www.idmo.it\/en\/wp-json\/wp\/v2\/posts\/180906\/revisions"}],"wp:featuredmedia":[{"embeddable":true,"href":"https:\/\/www.idmo.it\/en\/wp-json\/wp\/v2\/media\/180910"}],"wp:attachment":[{"href":"https:\/\/www.idmo.it\/en\/wp-json\/wp\/v2\/media?parent=180906"}],"wp:term":[{"taxonomy":"category","embeddable":true,"href":"https:\/\/www.idmo.it\/en\/wp-json\/wp\/v2\/categories?post=180906"},{"taxonomy":"post_tag","embeddable":true,"href":"https:\/\/www.idmo.it\/en\/wp-json\/wp\/v2\/tags?post=180906"}],"curies":[{"name":"wp","href":"https:\/\/api.w.org\/{rel}","templated":true}]}}