{"id":180891,"date":"2022-01-04T17:23:41","date_gmt":"2022-01-04T16:23:41","guid":{"rendered":"http:\/\/www.idmo.it\/?p=180891"},"modified":"2022-02-02T16:45:22","modified_gmt":"2022-02-02T15:45:22","slug":"report-igf-cosa-e-emerso-dal-dibattito-sulla-lotta-alla-disinformazione-e-sulle-nuove-sfide-del-digitale","status":"publish","type":"post","link":"https:\/\/www.idmo.it\/en\/2022\/01\/04\/report-igf-cosa-e-emerso-dal-dibattito-sulla-lotta-alla-disinformazione-e-sulle-nuove-sfide-del-digitale\/","title":{"rendered":"Report IGF, cosa \u00e8 emerso dal dibattito sulla lotta alla disinformazione e sulle nuove sfide del digitale"},"content":{"rendered":"\n<p><strong>Internet<\/strong>, <strong>disinformazione<\/strong> e nuove sfide del <strong>digitale<\/strong>: questi alcuni dei temi trattati durante i giorni dedicati all\u2019<a href=\"https:\/\/www.igfitalia.org\/\">IGF &#8211; Internet Governance Forum Italia<\/a>, organizzato a novembre 2021 dalla <strong>Camera di Commercio di Cosenza<\/strong> in collaborazione con Unioncamere e Infocamere, sotto l\u2019egida delle <strong>Nazioni Unite<\/strong>.<\/p>\n\n\n\n<p><strong>L&#8217;IGF Italia 2021<\/strong> si \u00e8 svolto per la seconda volta a Cosenza in modalit\u00e0 ibrida (online e in presenza): tre giornate ricche di incontri e di spunti di riflessione sul mondo del <strong>digitale<\/strong>, sulla <strong>tecnologia<\/strong> e sulla <strong>sostenibilit\u00e0<\/strong>. L\u2019edizione si \u00e8 aperta con il saluto del presidente del Consiglio <strong>Mario Draghi<\/strong> in una lettera inviata alla Camera di Commercio di Cosenza.<\/p>\n\n\n\n<h2 class=\"wp-block-heading\"><strong>Cos\u2019\u00e8 l\u2019Internet Governance Forum (IGF)<\/strong><\/h2>\n\n\n\n<p>L\u2019<strong>Internet Governance Forum (IGF) Italia <\/strong>\u00e8 una piattaforma di dibattito multi-stakeholder sui temi legati alle politiche di regolamentazione e di evoluzione di Internet, che opera in conformit\u00e0 dei principi indicati dalle Nazioni Unite di trasparenza, apertura, inclusivit\u00e0. L\u2019IGF attraverso un \u201capproccio dal basso\u201d intende <strong>sviluppare una base comune di conoscenze per massimizzare le opportunit\u00e0 offerte da Internet<\/strong>, mitigando i rischi e le sfide legate all\u2019uso della rete.<\/p>\n\n\n\n<p>All\u2019IGF 2021 hanno partecipato <strong>150 relatori<\/strong>, tra cui rappresentanti delle istituzioni, come il ministro dell&#8217;Istruzione <strong>Patrizio Bianchi<\/strong>, il ministro della Pubblica Amministrazione <strong>Renato Brunetta<\/strong>, il ministro per gli Affari regionali e le Autonomie <strong>Maria Stella Gelmini<\/strong>, il direttore dell\u2019Agenzia sulla Cybersicurezza Nazionale <strong>Roberto Baldoni<\/strong>, la Sottosegretaria al Ministero dello Sviluppo Economico <strong>Anna Ascani<\/strong>, il Direttore Generale dell\u2019Agenzia per l\u2019Italia Digitale <strong>Francesco Paorici<\/strong>.<\/p>\n\n\n\n<h2 class=\"wp-block-heading\"><strong>IGF 2021, oltre 40mila partecipanti online<\/strong><\/h2>\n\n\n\n<p>Durante l\u2019IGF 2021 si \u00e8 registrata una partecipazione straordinaria, che ha coinvolto circa 40mila persone (tra cui oltre <strong>10mila studenti di 117 scuole italiane<\/strong>). Il numero di utenti collegati su Zoom e in diretta streaming ha registrato un totale di <strong>40.915 <\/strong>partecipanti online. Numeri che indicano un\u2019attenzione sempre pi\u00f9 forte per questi argomenti.<\/p>\n\n\n\n<p>Le <strong>5 linee tematiche trattate durante IGF Italia 2021 <\/strong>sono state:<\/p>\n\n\n\n<p>1) Il diritto di accesso a Internet e inclusione a salvaguardia dello sviluppo economico sociale e dei diritti umani;<\/p>\n\n\n\n<p>2) Fiducia e sicurezza;<\/p>\n\n\n\n<p>3) \u201cFuture societies\u201d e nuove tecnologie;<\/p>\n\n\n\n<p>4) Governance dei dati: principi etici nella gestione e uso dei dati;<\/p>\n\n\n\n<p>5) \u201cGreening the internet\u201d: sostenibilit\u00e0 ambientale e ICT.<\/p>\n\n\n\n<h2 class=\"wp-block-heading\">Report <strong>IGF 2021,<\/strong> dibattiti sul futuro del digitale e sull&#8217;Intelligenza Artificiale <\/h2>\n\n\n\n<p>Le main session hanno affrontato diversi temi tra cui: lo stato delle <strong>infrastrutture per la connettivit\u00e0<\/strong>, il dibattito internazionale sul futuro della <strong>cooperazione globale digitale<\/strong> e il ruolo svolto da IGF, la strategia di <strong>cybersecurity<\/strong> italiana, il confronto delle iniziative europee sulla Carta dei Diritti di Internet.<\/p>\n\n\n\n<p>Ampio spazio \u00e8 stato dato al tema dell\u2019<strong>Intelligenza Artificiale, <\/strong>entrata nell\u2019agenda politica in maniera preponderante con la pandemia. Argomento principale \u00e8 stato l\u2019utilizzo degli algoritmi da parte delle piattaforme digitali e gli <strong>effetti distorsivi nel mercato<\/strong> per consumatori e operatori commerciali. <\/p>\n\n\n\n<p>Il principio di base che si \u00e8 venuto a delineare \u00e8 che lo sviluppo tecnologico non pu\u00f2 prescindere da una <strong>dimensione etica del fenomeno<\/strong>, la dignit\u00e0 umana deve essere sempre al centro del processo.<\/p>\n\n\n\n<h2 class=\"wp-block-heading\">Report<strong>\u00a0IGF 2021, l\u2019azione di IDMO nella lotta alla disinformazione<\/strong><\/h2>\n\n\n\n<p>Durante il dibattito sulla disinformazione sono intervenuti, tra gli altri, <strong>Alberto Rabbachin<\/strong>, Programme Officer della Commissione Europea, <strong>Claudia Mazzola<\/strong>, direttrice dell\u2019Ufficio Studi Rai. e <strong>Gianni Riotta direttore del Luiss Data Lab, centro di ricerca che coordina l\u2019<a href=\"https:\/\/www.idmo.it\/2022\/01\/04\/liberta-di-stampa-dove-va-il-mondo\/\">Italian Digital Media Observatory<\/a><\/strong>. \u00c8 stato anche approfondito il &#8220;Code of Practice on disinformation&#8221; elaborato dall\u2019Unione europea e nato per fornire una risposta all\u2019esigenza di tutelare il <strong>diritto a non essere disinformati<\/strong>.<\/p>\n\n\n\n<p>Ampio spazio \u00e8 stato dedicato anche al tema <strong>della sostenibilit\u00e0<\/strong>. Dal dibattito \u00e8 emersa, infatti, l\u2019importanza di una interconnessione tra la <strong>sostenibilit\u00e0 digitale e quella ambientale<\/strong>, attraverso una partecipazione attiva della cittadinanza e nell\u2019ottica di subordinare la transizione digitale ai bisogni umani e ambientali, nell\u2019ottica, appunto, dello sviluppo sostenibile.<\/p>\n\n\n\n<p><\/p>\n\n\n\n<p><strong>Scarica il report completo<\/strong><\/p>\n\n\n\n<div class=\"wp-block-file\"><a href=\"https:\/\/www.idmo.it\/wp-content\/uploads\/2022\/01\/Report-IGF-Italia-2021_Finale.pdf\">Report-IGF-Italia-2021_Finale<\/a><a href=\"https:\/\/www.idmo.it\/wp-content\/uploads\/2022\/01\/Report-IGF-Italia-2021_Finale.pdf\" class=\"wp-block-file__button\" download>Download<\/a><\/div>\n\n\n\n<p><\/p>\n","protected":false},"excerpt":{"rendered":"<p>Internet, disinformazione e nuove sfide del digitale: questi alcuni dei temi trattati durante i giorni dedicati all\u2019IGF &#8211; Internet Governance Forum Italia, organizzato a novembre 2021 dalla Camera di Commercio di Cosenza in collaborazione con Unioncamere e Infocamere, sotto l\u2019egida delle Nazioni Unite. L&#8217;IGF Italia 2021 si \u00e8 svolto per la seconda volta a Cosenza [&hellip;]<\/p>\n","protected":false},"author":132,"featured_media":180893,"comment_status":"closed","ping_status":"closed","sticky":false,"template":"","format":"standard","meta":{"_acf_changed":false,"footnotes":""},"categories":[4378],"tags":[4560,4296,4568,4589],"class_list":["post-180891","post","type-post","status-publish","format-standard","has-post-thumbnail","hentry","category-blog","tag-blog","tag-digitale","tag-idmo","tag-report-igf"],"acf":{"share_this_post_to_edmo_website":false,"type_of_post":false,"options_for_news_post":{"":""},"options_for_event_post":{"event_start_date":null,"event_end_date":null,"event_location":"","event_programme":""},"options_for_report_post":{"post_author":"","report_type":false,"report_pdf_link":""},"options_for_investigation_post":{"post_author":""},"affiliation":false},"_links":{"self":[{"href":"https:\/\/www.idmo.it\/en\/wp-json\/wp\/v2\/posts\/180891","targetHints":{"allow":["GET"]}}],"collection":[{"href":"https:\/\/www.idmo.it\/en\/wp-json\/wp\/v2\/posts"}],"about":[{"href":"https:\/\/www.idmo.it\/en\/wp-json\/wp\/v2\/types\/post"}],"author":[{"embeddable":true,"href":"https:\/\/www.idmo.it\/en\/wp-json\/wp\/v2\/users\/132"}],"replies":[{"embeddable":true,"href":"https:\/\/www.idmo.it\/en\/wp-json\/wp\/v2\/comments?post=180891"}],"version-history":[{"count":0,"href":"https:\/\/www.idmo.it\/en\/wp-json\/wp\/v2\/posts\/180891\/revisions"}],"wp:featuredmedia":[{"embeddable":true,"href":"https:\/\/www.idmo.it\/en\/wp-json\/wp\/v2\/media\/180893"}],"wp:attachment":[{"href":"https:\/\/www.idmo.it\/en\/wp-json\/wp\/v2\/media?parent=180891"}],"wp:term":[{"taxonomy":"category","embeddable":true,"href":"https:\/\/www.idmo.it\/en\/wp-json\/wp\/v2\/categories?post=180891"},{"taxonomy":"post_tag","embeddable":true,"href":"https:\/\/www.idmo.it\/en\/wp-json\/wp\/v2\/tags?post=180891"}],"curies":[{"name":"wp","href":"https:\/\/api.w.org\/{rel}","templated":true}]}}